{"id":17879,"date":"2025-04-21T11:57:14","date_gmt":"2025-04-21T14:57:14","guid":{"rendered":"https:\/\/www.visionweb.com.ar\/?p=17879"},"modified":"2025-04-21T11:58:18","modified_gmt":"2025-04-21T14:58:18","slug":"kicillof-francisco-se-convirtio-en-referencia-de-los-que-luchan-por-la-justicia-social-en-todo-el-planeta","status":"publish","type":"post","link":"https:\/\/www.visionweb.com.ar\/?p=17879","title":{"rendered":"Kicillof: \u201cFrancisco se convirti\u00f3 en referencia de los que luchan por la justicia social en todo el planeta"},"content":{"rendered":"<p><em><strong>El Gobernador expres\u00f3 en redes sociales su tristeza por la muerte de Bergoglio. \u201cMientras muchos exaltan el ego\u00edsmo, el Papa predic\u00f3 siempre por una econom\u00eda al servicio de los que m\u00e1s necesitan\u201d.<\/strong><\/em><!--more--><\/p>\n<p><img loading=\"lazy\" decoding=\"async\" class=\"size-medium wp-image-17880 alignleft\" src=\"https:\/\/www.visionweb.com.ar\/wp-content\/uploads\/2025\/04\/FRANCISCO-300x200.png\" alt=\"\" width=\"300\" height=\"200\" srcset=\"https:\/\/www.visionweb.com.ar\/wp-content\/uploads\/2025\/04\/FRANCISCO-300x200.png 300w, https:\/\/www.visionweb.com.ar\/wp-content\/uploads\/2025\/04\/FRANCISCO.png 640w\" sizes=\"auto, (max-width: 300px) 100vw, 300px\" \/>\u201cHoy es un d\u00eda trist\u00edsimo.<strong>\u00a0Francisco se convirti\u00f3 en referencia de los que luchan por la justicia social en todo el planeta. Mientras muchos exaltan el ego\u00edsmo, el Papa predic\u00f3 siempre por una econom\u00eda al servicio de los que m\u00e1s necesitan.\u00a0<\/strong>La partida de Francisco deja un vac\u00edo enorme, pero su mensaje a favor de la paz queda en los corazones de millones de cristianos y no cristianos\u201d, escribi\u00f3 esta ma\u00f1ana el gobernador bonaerense Axel Kicillof, horas despu\u00e9s de conocerse la noticia de su fallecimiento.<\/p>\n<div class=\"css-175oi2r r-aqfbo4 r-gtdqiz r-1gn8etr r-1g40b8q\">\n<div class=\"css-175oi2r\">\n<div class=\"css-175oi2r r-136ojw6 r-1loqt21\">\n<div class=\"css-175oi2r r-1h3ijdo r-136ojw6\">\n<div class=\"css-175oi2r\">\n<div class=\"css-175oi2r r-1h3ijdo r-1e5uvyk r-6026j\">\n<div class=\"css-175oi2r r-1awozwy r-18u37iz r-1h3ijdo r-1777fci r-f8sm7e r-13qz1uu r-3pj75a\">\n<div class=\"css-175oi2r r-16y2uox r-1wbh5a2 r-1pi2tsx r-1777fci\">\n<div class=\"css-175oi2r r-1habvwh\"><\/div>\n<\/div>\n<\/div>\n<\/div>\n<\/div>\n<\/div>\n<\/div>\n<\/div>\n<\/div>\n<section class=\"css-175oi2r\" role=\"region\" aria-labelledby=\"accessible-list-0\">\n<div class=\"css-175oi2r\" aria-label=\"Timeline: Conversation\">\n<div class=\"css-175oi2r\" data-testid=\"cellInnerDiv\">\n<div class=\"css-175oi2r r-1adg3ll r-1ny4l3l\">\n<div class=\"css-175oi2r\">\n<article class=\"css-175oi2r r-18u37iz r-1udh08x r-1c4vpko r-1c7gwzm r-1ny4l3l\" tabindex=\"-1\" role=\"article\" aria-labelledby=\"id__z0hwixgmsd id__uw6y16phrx9 id__p5bt1tfncie id__5q21be5gepf id__h1ivxfo1kdb id__gr492wztvym id__fzuih6xdgkj id__svw3ybegkwn id__qhgzbk26jyl id__cak1dz9zd6c id__gei6p75hcde id__nnkjghqgxp id__wtnyr4ve8wp id__u9cl5y6ea5j id__krmv159c7hd id__kwjze6bbf2i id__gf01hjra65u id__aukcq58s0r id__anos3w53kdj id__3sjam76bpt2\" data-testid=\"tweet\">\n<div class=\"css-175oi2r r-eqz5dr r-16y2uox r-1wbh5a2\">\n<div class=\"css-175oi2r r-16y2uox r-1wbh5a2 r-1ny4l3l\">\n<div class=\"css-175oi2r\">\n<div class=\"css-175oi2r r-18u37iz\">\n<div class=\"css-175oi2r r-1iusvr4 r-16y2uox r-ttdzmv\"><img decoding=\"async\" class=\"css-9pa8cd\" draggable=\"true\" src=\"https:\/\/pbs.twimg.com\/profile_images\/1745938227976982528\/_CcGvWPv_normal.jpg\" alt=\"\" \/><\/div>\n<\/div>\n<\/div>\n<div class=\"css-175oi2r r-18u37iz\">\n<div class=\"css-175oi2r r-18kxxzh r-1wron08 r-onrtq4 r-1awozwy\">\n<div class=\"css-175oi2r\" data-testid=\"Tweet-User-Avatar\">\n<div class=\"css-175oi2r r-18kxxzh r-1wbh5a2 r-13qz1uu\">\n<div class=\"css-175oi2r r-1wbh5a2 r-dnmrzs\">\n<div class=\"css-175oi2r r-bztko3 r-1adg3ll\" data-testid=\"UserAvatar-Container-Kicillofok\">\n<div class=\"r-1p0dtai r-1pi2tsx r-1d2f490 r-u8s1d r-ipm5af r-13qz1uu\">\n<div class=\"css-175oi2r r-1adg3ll r-1pi2tsx r-13qz1uu r-45ll9u r-u8s1d r-1v2oles r-176fswd r-bztko3\">\n<div class=\"r-1p0dtai r-1pi2tsx r-1d2f490 r-u8s1d r-ipm5af r-13qz1uu\">\n<div class=\"css-175oi2r r-sdzlij r-1udh08x r-5f1w11 r-u8s1d r-8jfcpp\">\n<div class=\"css-175oi2r r-sdzlij r-1udh08x r-45ll9u r-u8s1d r-1v2oles r-176fswd\">\n<div class=\"css-175oi2r r-12181gd r-1pi2tsx r-13qz1uu r-o7ynqc r-6416eg r-1ny4l3l\">@Kicillofok<\/div>\n<\/div>\n<\/div>\n<\/div>\n<\/div>\n<\/div>\n<\/div>\n<\/div>\n<\/div>\n<\/div>\n<\/div>\n<div class=\"css-175oi2r r-1iusvr4 r-16y2uox r-1777fci\">\n<div class=\"css-175oi2r r-zl2h9q\">\n<div class=\"css-175oi2r r-k4xj1c r-18u37iz r-1wtj0ep\">\n<div class=\"css-175oi2r r-1kkk96v\">\n<div class=\"css-175oi2r r-1awozwy r-18u37iz r-1cmwbt1 r-1wtj0ep\">\n<div class=\"css-175oi2r r-18u37iz r-1h0z5md\"><\/div>\n<\/div>\n<\/div>\n<\/div>\n<\/div>\n<\/div>\n<\/div>\n<div class=\"css-175oi2r\">\n<div class=\"css-175oi2r\">\n<div class=\"css-175oi2r r-1s2bzr4\">\n<div id=\"id__gei6p75hcde\" class=\"css-146c3p1 r-bcqeeo r-1ttztb7 r-qvutc0 r-37j5jr r-1inkyih r-16dba41 r-bnwqim r-135wba7\" dir=\"auto\" lang=\"es\" data-testid=\"tweetText\">En febrero,\u00a0<strong>Kicillof hab\u00eda participado de una misa en La Plata convocada por el arzobispo Gustavo Carrara, una r\u00e9plica de los actos religiosos que se llevaron adelante en diversas partes del mundo<\/strong> para orar por la salud de Francisco, por entonces internado desde hac\u00eda unos diez d\u00edas.<strong>(VW)<\/strong><\/div>\n<\/div>\n<\/div>\n<\/div>\n<\/div>\n<\/div>\n<\/article>\n<\/div>\n<\/div>\n<\/div>\n<\/div>\n<\/section>\n","protected":false},"excerpt":{"rendered":"<p>El Gobernador expres\u00f3 en redes sociales su tristeza por la muerte de Bergoglio. \u201cMientras muchos exaltan el ego\u00edsmo, el Papa predic\u00f3 siempre por una econom\u00eda al servicio de los que m\u00e1s necesitan\u201d.<\/p>\n","protected":false},"author":3,"featured_media":17880,"comment_status":"closed","ping_status":"closed","sticky":false,"template":"","format":"standard","meta":{"_monsterinsights_skip_tracking":false,"_monsterinsights_sitenote_active":false,"_monsterinsights_sitenote_note":"","_monsterinsights_sitenote_category":0,"footnotes":""},"categories":[8,1822],"tags":[],"class_list":["post-17879","post","type-post","status-publish","format-standard","has-post-thumbnail","hentry","category-interes-general","category-internacionales"],"_links":{"self":[{"href":"https:\/\/www.visionweb.com.ar\/index.php?rest_route=\/wp\/v2\/posts\/17879","targetHints":{"allow":["GET"]}}],"collection":[{"href":"https:\/\/www.visionweb.com.ar\/index.php?rest_route=\/wp\/v2\/posts"}],"about":[{"href":"https:\/\/www.visionweb.com.ar\/index.php?rest_route=\/wp\/v2\/types\/post"}],"author":[{"embeddable":true,"href":"https:\/\/www.visionweb.com.ar\/index.php?rest_route=\/wp\/v2\/users\/3"}],"replies":[{"embeddable":true,"href":"https:\/\/www.visionweb.com.ar\/index.php?rest_route=%2Fwp%2Fv2%2Fcomments&post=17879"}],"version-history":[{"count":1,"href":"https:\/\/www.visionweb.com.ar\/index.php?rest_route=\/wp\/v2\/posts\/17879\/revisions"}],"predecessor-version":[{"id":17881,"href":"https:\/\/www.visionweb.com.ar\/index.php?rest_route=\/wp\/v2\/posts\/17879\/revisions\/17881"}],"wp:featuredmedia":[{"embeddable":true,"href":"https:\/\/www.visionweb.com.ar\/index.php?rest_route=\/wp\/v2\/media\/17880"}],"wp:attachment":[{"href":"https:\/\/www.visionweb.com.ar\/index.php?rest_route=%2Fwp%2Fv2%2Fmedia&parent=17879"}],"wp:term":[{"taxonomy":"category","embeddable":true,"href":"https:\/\/www.visionweb.com.ar\/index.php?rest_route=%2Fwp%2Fv2%2Fcategories&post=17879"},{"taxonomy":"post_tag","embeddable":true,"href":"https:\/\/www.visionweb.com.ar\/index.php?rest_route=%2Fwp%2Fv2%2Ftags&post=17879"}],"curies":[{"name":"wp","href":"https:\/\/api.w.org\/{rel}","templated":true}]}}