{"id":17874,"date":"2025-04-21T07:53:23","date_gmt":"2025-04-21T10:53:23","guid":{"rendered":"https:\/\/www.visionweb.com.ar\/?p=17874"},"modified":"2025-04-21T11:17:47","modified_gmt":"2025-04-21T14:17:47","slug":"fallecio-el-papa-francisco","status":"publish","type":"post","link":"https:\/\/www.visionweb.com.ar\/?p=17874","title":{"rendered":"Falleci\u00f3 el Papa Francisco"},"content":{"rendered":"<p class=\"text-primary fw700\"><strong><em>Lo anunci\u00f3 el cardenal Kevin Joseph Farrell, Camarlengo de la Santa Romana Iglesia desde la Casa Santa Marta: \u00abA las 7:35 de esta ma\u00f1ana, el Obispo de Roma, Francisco, regres\u00f3 a la casa del Padre.<\/em><\/strong><\/p>\n<p><!--more--><\/p>\n<p><img loading=\"lazy\" decoding=\"async\" class=\"size-medium wp-image-17875 alignleft\" src=\"https:\/\/www.visionweb.com.ar\/wp-content\/uploads\/2025\/04\/BERGOCLIO-300x175.png\" alt=\"\" width=\"300\" height=\"175\" srcset=\"https:\/\/www.visionweb.com.ar\/wp-content\/uploads\/2025\/04\/BERGOCLIO-300x175.png 300w, https:\/\/www.visionweb.com.ar\/wp-content\/uploads\/2025\/04\/BERGOCLIO.png 640w\" sizes=\"auto, (max-width: 300px) 100vw, 300px\" \/>Esta madrugada, el cardenal Kevin Joseph Farrell, Camarlengo de la Santa Romana Iglesia, anunci\u00f3 con tristeza el fallecimiento del Papa Francisco, con estas palabras:<\/p>\n<p><i>\u00abQueridos hermanos y hermanas, con profundo dolor debo anunciar el fallecimiento de nuestro Santo Padre Francisco. A las 7:35 (2.35 de Argentina), el Obispo de Roma, Francisco, regres\u00f3 a la casa del Padre.<\/i><\/p>\n<p><i>Toda su vida estuvo dedicada al servicio del Se\u00f1or y de Su Iglesia. Nos ense\u00f1\u00f3 a vivir los valores del Evangelio con fidelidad, valent\u00eda y amor universal, especialmente en favor de los m\u00e1s pobres y marginados, se\u00f1al\u00f3 en un breve despacho la agencia AICA <\/i>(Agencia de la Iglesia Cat\u00f3lica Argentina).<\/p>\n<p><i>Con inmensa gratitud por su ejemplo de verdadero disc\u00edpulo del Se\u00f1or Jes\u00fas, encomendamos el alma del Papa Francisco al infinito amor misericordioso del Dios Uno y Trino\u00bb.<\/i><\/p>\n<p>El Papa Francisco, quien estuvo internado m\u00e1s de un mes en el hospital universitario de Roma Agostino Gimelli, fue dado de alta semanas atr\u00e1s.<\/p>\n<p>A pesar de su delicado estado, el Papa dirigi\u00f3 la tradicional bendici\u00f3n\u00a0<b>\u201cUrbi et Orbi\u201d<\/b> desde el balc\u00f3n de la bas\u00edlica, este domingo de Pasua, donde dese\u00f3 a los fieles un \u201cfeliz domingo de Pascua\u201d y llam\u00f3 a la \u201clibertad de pensamiento y a la tolerancia\u201d en su mensaje al mundo. Lo hizo en silla de ruedas y sin las c\u00e1nulas nasales para el ox\u00edgeno.<\/p>\n<p>El cardenal argentino Jorge Bergoglio,\u00a0 nacio el 17 de diciembre de 1936 en la ciudad de Buenos Aires, y su vida transcurri\u00f3 en el barrio porte\u00f1o de Flores. Bergoglio fue designado cardenal primado de la Argentina\u00a0 y se convirti\u00f3 en el primer jesuita\u00a0 sudamericano ungido como Papa el 13 de marzo de 2013 a los 76. Fue designado cardenal en 2001 por el Papa Juan Pablo II, presido el arzobispado de la Argentina\u00a0 hasta su elecci\u00f3n como Papa.<\/p>\n<p>Los \u00faltimos siete papas que presidieron la iglesia cat\u00f3lica fueron:<\/p>\n<p><strong>\u00a0Francisco. Jorge Bergoglio<\/strong>, desde marzo de 2013 a febrero de 2025). Casi doce a\u00f1os de pontificado. Argentino, el primero sudamericano y jesuita. Tambi\u00e9n fue el primero en 700 a\u00f1os que convivi\u00f3 con un Papa em\u00e9rito, tras la renuncia de Benedicto XVI. Impuls\u00f3 profundas reformas en la Iglesia.<\/p>\n<p>&#8211;<strong>\u00a0Benedicto XVI. Joseph Aloisius Ratzinger<\/strong>\u00a0ocho a\u00f1os de papado, desde abril de 2005 a febrero 2013. De nacionalidad alemana, fue el \u00abpapa te\u00f3logo\u00bb, considerado como un intelectual y un gran conocedor del dogma. Sorprendi\u00f3 con su decisi\u00f3n de renunciar -un hecho sin precedentes en siete siglos- alegando \u00abfalta de fuerzas\u00bb.<\/p>\n<p>&#8211;\u00a0<strong>Juan Pablo II.\u00a0<\/strong>Karol Jozef Wojtyla fue papa veintis\u00e9is a\u00f1os, desde octubre de 1978 a abril 2005. Primer papa no italiano desde Adriano VI (siglo XVI) y el \u00fanico papa polaco. Su pontificado fue<br \/>\nuno de los m\u00e1s largos de la historia.<\/p>\n<p>&#8211;\u00a0<strong>Juan Pablo I. Albino Luciani,<\/strong>\u00a0su papado dur\u00f3 solo 33 d\u00edas. Asumi\u00f3 al frente de la Iglesia en agosto de 1978 y falleci\u00f3 en septiembre de ese a\u00f1o.<\/p>\n<p>&#8211;\u00a0<strong>Pablo VI. Giovanni Battista Montini<\/strong>, con un pontificado de quince a\u00f1os, entre junio de 1963 y agosto de 1978. Nombr\u00f3 cardenales a sus tres sucesores.<\/p>\n<p>&#8211;\u00a0<strong>Juan XXIII. Angelo Giuseppe Roncalli<\/strong>, fue papa cinco a\u00f1os entre octubre de 1958 y junio de 1963. Fue el art\u00edfice Concilio Vaticano II, que renov\u00f3 la Iglesia.<\/p>\n<p>&#8211;<strong>\u00a0P\u00edo XII.<\/strong> Eugenio Pacelli, con un papado de diecinueve a\u00f1os entre marzo de 1939 y octubre de 1958. Fue papa durante la Segunda Guerra Mundial y acusado por historiadores y por la comunidad jud\u00eda de guardar silencio frente al Holocausto nazi<strong>(VW).<\/strong><\/p>\n<p><strong>Con datos de las agencias AICA y NA<\/strong><\/p>\n","protected":false},"excerpt":{"rendered":"<p>Lo anunci\u00f3 el cardenal Kevin Joseph Farrell, Camarlengo de la Santa Romana Iglesia desde la Casa Santa Marta: \u00abA las 7:35 de esta ma\u00f1ana, el Obispo de Roma, Francisco, regres\u00f3 a la casa del&#46;&#46;&#46;<\/p>\n","protected":false},"author":3,"featured_media":17875,"comment_status":"closed","ping_status":"closed","sticky":false,"template":"","format":"standard","meta":{"_monsterinsights_skip_tracking":false,"_monsterinsights_sitenote_active":false,"_monsterinsights_sitenote_note":"","_monsterinsights_sitenote_category":0,"footnotes":""},"categories":[1822],"tags":[7493,7492,6220],"class_list":["post-17874","post","type-post","status-publish","format-standard","has-post-thumbnail","hentry","category-internacionales","tag-bergoglio","tag-francisco","tag-vaticano"],"_links":{"self":[{"href":"https:\/\/www.visionweb.com.ar\/index.php?rest_route=\/wp\/v2\/posts\/17874","targetHints":{"allow":["GET"]}}],"collection":[{"href":"https:\/\/www.visionweb.com.ar\/index.php?rest_route=\/wp\/v2\/posts"}],"about":[{"href":"https:\/\/www.visionweb.com.ar\/index.php?rest_route=\/wp\/v2\/types\/post"}],"author":[{"embeddable":true,"href":"https:\/\/www.visionweb.com.ar\/index.php?rest_route=\/wp\/v2\/users\/3"}],"replies":[{"embeddable":true,"href":"https:\/\/www.visionweb.com.ar\/index.php?rest_route=%2Fwp%2Fv2%2Fcomments&post=17874"}],"version-history":[{"count":3,"href":"https:\/\/www.visionweb.com.ar\/index.php?rest_route=\/wp\/v2\/posts\/17874\/revisions"}],"predecessor-version":[{"id":17878,"href":"https:\/\/www.visionweb.com.ar\/index.php?rest_route=\/wp\/v2\/posts\/17874\/revisions\/17878"}],"wp:featuredmedia":[{"embeddable":true,"href":"https:\/\/www.visionweb.com.ar\/index.php?rest_route=\/wp\/v2\/media\/17875"}],"wp:attachment":[{"href":"https:\/\/www.visionweb.com.ar\/index.php?rest_route=%2Fwp%2Fv2%2Fmedia&parent=17874"}],"wp:term":[{"taxonomy":"category","embeddable":true,"href":"https:\/\/www.visionweb.com.ar\/index.php?rest_route=%2Fwp%2Fv2%2Fcategories&post=17874"},{"taxonomy":"post_tag","embeddable":true,"href":"https:\/\/www.visionweb.com.ar\/index.php?rest_route=%2Fwp%2Fv2%2Ftags&post=17874"}],"curies":[{"name":"wp","href":"https:\/\/api.w.org\/{rel}","templated":true}]}}