{"id":17871,"date":"2025-04-18T13:03:16","date_gmt":"2025-04-18T16:03:16","guid":{"rendered":"https:\/\/www.visionweb.com.ar\/?p=17871"},"modified":"2025-04-18T13:03:16","modified_gmt":"2025-04-18T16:03:16","slug":"desde-ate-advirtieron-los-vamos-a-echar-a-ellos","status":"publish","type":"post","link":"https:\/\/www.visionweb.com.ar\/?p=17871","title":{"rendered":"Desde ATE advirtieron: \u201cLos vamos a echar a ellos\u201d"},"content":{"rendered":"<p><em><strong>\u201cVan a sufrir en carne propia lo que nos est\u00e1n haciendo\u201d, dijo Aguiar, luego de los anuncios sobre reducci\u00f3n de organismos p\u00fablicos.<\/strong><\/em><!--more--><\/p>\n<div id=\"attachment_13000\" style=\"width: 310px\" class=\"wp-caption alignright\"><img loading=\"lazy\" decoding=\"async\" aria-describedby=\"caption-attachment-13000\" class=\"wp-image-13000 size-medium\" src=\"https:\/\/www.visionweb.com.ar\/wp-content\/uploads\/2023\/12\/ate-rodolfo-aguiar-300x211.png\" alt=\"\" width=\"300\" height=\"211\" srcset=\"https:\/\/www.visionweb.com.ar\/wp-content\/uploads\/2023\/12\/ate-rodolfo-aguiar-300x211.png 300w, https:\/\/www.visionweb.com.ar\/wp-content\/uploads\/2023\/12\/ate-rodolfo-aguiar.png 476w\" sizes=\"auto, (max-width: 300px) 100vw, 300px\" \/><p id=\"caption-attachment-13000\" class=\"wp-caption-text\">Aguiar: \u00abFue un fraude la negociaci\u00f3n salarial\u00bb. Foto archivo VW<\/p><\/div>\n<p><strong>E<\/strong>l <strong>secretario general<\/strong> de Asociaci\u00f3n Trabajadores del Estado (<strong>ATE<\/strong>), <strong>Rodolfo Aguiar<\/strong>, llam\u00f3 a \u00abno darle tregua\u00bb al Gobierno. \u201cYo siento que el gobierno nacional pierde consenso social y que nosotros, los estatales, no le tenemos que dar tregua\u201d. Esto fue luego de los anuncios del presidente\u00a0<strong>Javier Milei\u00a0<\/strong>sobre la <strong>inminente eliminaci\u00f3n de organismos p\u00fablicos.<\/strong><\/p>\n<p><strong>Aguiar,<\/strong>\u00a0advirti\u00f3 que el Gobierno est\u00e1 perdiendo popularidad y que \u201cest\u00e1 cada d\u00eda m\u00e1s cerca el momento\u201d en que la sociedad \u201cechar\u00e1\u201d a los actuales funcionarios.\u00a0\u00abVan a quedar en la calle\u00bb, asegur\u00f3.<\/p>\n<p>El dirigente sindical lanz\u00f3, en declaraciones radiales, duras cr\u00edticas al gobierno nacional, apunt\u00f3 <strong>contra el acuerdo con el FMI, la p\u00e9rdida de derechos laborales y el deterioro de la situaci\u00f3n social y econ\u00f3mica<\/strong>. En un tono en\u00e9rgico y sin concesiones, Aguiar plante\u00f3: \u201cYo siento que el gobierno nacional pierde consenso social y que nosotros, los estatales, no le tenemos que dar tregua\u201d.<\/p>\n<p>El referente de ATE Nacional calific\u00f3 de <strong>\u201cfraude\u201d al \u00e1mbito de negociaci\u00f3n salarial<\/strong>, denunci\u00f3 que \u201c<strong>se firm\u00f3 un 1% a la ma\u00f1ana y por la tarde la inflaci\u00f3n ya era del 4%<\/strong>\u201d. Cuestion\u00f3 tambi\u00e9n el rol de algunos sindicatos que avalaron esa paritaria, y vincul\u00f3 la situaci\u00f3n a un deterioro generalizado: \u201cEste gobierno vino a <strong>quitarnos todos nuestros derechos, no s\u00f3lo a los trabajadores, tambi\u00e9n a los jubilados<\/strong>\u201d.<\/p>\n<p>Sobre el acuerdo con el FMI, advirti\u00f3: \u201c<strong>Nos prestan 20.000 millones de d\u00f3lares a 48 meses y en ese mismo plazo tenemos que devolver 20.800 millones<\/strong>. Es decir, nos prestan el mismo capital que vamos a tener que devolver con por lo menos un 75% de inter\u00e9s\u201d. Y agreg\u00f3 con iron\u00eda: \u201cLa piden los mismos que la pidieron en 2018. Entonces la quieren para lo mismo: para fug\u00e1rsela\u201d.<\/p>\n<p>De cara al Primero de Mayo, Aguiar anunci\u00f3 una escala intermedia de protestas: \u201cNo podemos esperar. <strong>El 23 de abril vamos a realizar protestas simult\u00e1neas en todos los organismos p\u00fablicos nacionales<\/strong>\u201d. Afirm\u00f3 que el objetivo es <strong>rechazar tanto la paritaria como la pol\u00edtica devaluatoria del gobierno<\/strong>:<\/p>\n<p>\u201c<strong>Por estas horas ha existido una remarcaci\u00f3n generalizada de todos los precios de la econom\u00eda que golpean los deteriorados salarios y jubilaciones<\/strong>\u201d, alert\u00f3.<\/p>\n<p>Ante la mirada optimista del oficialismo sobre el rumbo econ\u00f3mico, Aguiar contrapuso: \u201cYo celebro que <strong>la motosierra haya llegado a la Casa Rosada, porque me recort\u00f3 al menos 10 puntos de imagen positiva del presidente<\/strong>\u201d. Y fue m\u00e1s all\u00e1: \u201cLa sociedad volvi\u00f3 a tomar conciencia. Cada vez que destruyen un puesto de trabajo del Estado, desaparece una pol\u00edtica p\u00fablica y un derecho\u201d.<\/p>\n<p>Para el l\u00edder del gremio estatal, \u00ab<strong>nunca fue tan evidente el recorte de salarios en el sector p\u00fablico\u201d.<\/strong><\/p>\n<p>\u201cEl Gobierno celebra que ahorr\u00f3 con las cesant\u00edas masivas ilegales que se llev\u00f3 adelante hasta ahora 1350 millones de d\u00f3lares. Nadie nos dice a donde van a parar los ahorros que ejecutan en el Estado\u201d, indic\u00f3.<\/p>\n<p>\u201cContrariamente es un Gobierno que no construy\u00f3 ni 10 metros de asfalto ni cambio una lamparita de un alambrado p\u00fablico\u201d, cuestion\u00f3.<\/p>\n<p>Seg\u00fan Aguiar,\u00a0<strong>\u201cnos gobiernan CEOs fracasados que nos est\u00e1n saliendo muy caro a todas las argentinos y argentinas\u201d.<\/strong><\/p>\n<p>Con una visi\u00f3n desafiante hacia el futuro, Aguiar cerr\u00f3 con una frase contundente: \u201cEst\u00e1 m\u00e1s cerca que nunca ese d\u00eda. <strong>Nosotros los vamos a echar<\/strong>. <strong>Ellos van a sufrir en carne propia todo lo que nos est\u00e1n haciendo<\/strong>\u201d. <strong>(VW)<\/strong><\/p>\n","protected":false},"excerpt":{"rendered":"<p>\u201cVan a sufrir en carne propia lo que nos est\u00e1n haciendo\u201d, dijo Aguiar, luego de los anuncios sobre reducci\u00f3n de organismos p\u00fablicos.<\/p>\n","protected":false},"author":4,"featured_media":13000,"comment_status":"closed","ping_status":"closed","sticky":false,"template":"","format":"standard","meta":{"_monsterinsights_skip_tracking":false,"_monsterinsights_sitenote_active":false,"_monsterinsights_sitenote_note":"","_monsterinsights_sitenote_category":0,"footnotes":""},"categories":[4],"tags":[7605,2719,5396],"class_list":["post-17871","post","type-post","status-publish","format-standard","has-post-thumbnail","hentry","category-politica","tag-los-vamos-a-echar","tag-ate","tag-rodolfo-aguiar"],"_links":{"self":[{"href":"https:\/\/www.visionweb.com.ar\/index.php?rest_route=\/wp\/v2\/posts\/17871","targetHints":{"allow":["GET"]}}],"collection":[{"href":"https:\/\/www.visionweb.com.ar\/index.php?rest_route=\/wp\/v2\/posts"}],"about":[{"href":"https:\/\/www.visionweb.com.ar\/index.php?rest_route=\/wp\/v2\/types\/post"}],"author":[{"embeddable":true,"href":"https:\/\/www.visionweb.com.ar\/index.php?rest_route=\/wp\/v2\/users\/4"}],"replies":[{"embeddable":true,"href":"https:\/\/www.visionweb.com.ar\/index.php?rest_route=%2Fwp%2Fv2%2Fcomments&post=17871"}],"version-history":[{"count":1,"href":"https:\/\/www.visionweb.com.ar\/index.php?rest_route=\/wp\/v2\/posts\/17871\/revisions"}],"predecessor-version":[{"id":17872,"href":"https:\/\/www.visionweb.com.ar\/index.php?rest_route=\/wp\/v2\/posts\/17871\/revisions\/17872"}],"wp:featuredmedia":[{"embeddable":true,"href":"https:\/\/www.visionweb.com.ar\/index.php?rest_route=\/wp\/v2\/media\/13000"}],"wp:attachment":[{"href":"https:\/\/www.visionweb.com.ar\/index.php?rest_route=%2Fwp%2Fv2%2Fmedia&parent=17871"}],"wp:term":[{"taxonomy":"category","embeddable":true,"href":"https:\/\/www.visionweb.com.ar\/index.php?rest_route=%2Fwp%2Fv2%2Fcategories&post=17871"},{"taxonomy":"post_tag","embeddable":true,"href":"https:\/\/www.visionweb.com.ar\/index.php?rest_route=%2Fwp%2Fv2%2Ftags&post=17871"}],"curies":[{"name":"wp","href":"https:\/\/api.w.org\/{rel}","templated":true}]}}