{"id":17869,"date":"2025-04-18T12:32:08","date_gmt":"2025-04-18T15:32:08","guid":{"rendered":"https:\/\/www.visionweb.com.ar\/?p=17869"},"modified":"2025-04-18T12:32:08","modified_gmt":"2025-04-18T15:32:08","slug":"el-miercoles-proximo-se-debatira-en-diputados-un-proyecto-para-bajar-la-edad-de-imputabilidad","status":"publish","type":"post","link":"https:\/\/www.visionweb.com.ar\/?p=17869","title":{"rendered":"El mi\u00e9rcoles pr\u00f3ximo se debatir\u00e1 en Diputados un proyecto para bajar la edad de imputabilidad"},"content":{"rendered":"<p><em><strong>La iniciativa que propone condenar por delitos graves a los menores. El oficialismo quiere tener el mi\u00e9rcoles firmado el despacho de mayor\u00eda para tratarlo en la primera quincena de mayo.<\/strong><\/em><!--more--><\/p>\n<p><strong><img loading=\"lazy\" decoding=\"async\" class=\"size-medium wp-image-12685 alignright\" src=\"https:\/\/www.visionweb.com.ar\/wp-content\/uploads\/2023\/11\/Congreso-nacional-300x242.png\" alt=\"\" width=\"300\" height=\"242\" srcset=\"https:\/\/www.visionweb.com.ar\/wp-content\/uploads\/2023\/11\/Congreso-nacional-300x242.png 300w, https:\/\/www.visionweb.com.ar\/wp-content\/uploads\/2023\/11\/Congreso-nacional.png 532w\" sizes=\"auto, (max-width: 300px) 100vw, 300px\" \/>\u00a0\u00a0\u00a0\u00a0 L<\/strong>a<strong> C\u00e1mara de Diputados debatir\u00e1 <\/strong>el pr\u00f3ximo mi\u00e9rcoles en comisi\u00f3n, un<strong> dictamen para bajar la edad de imputabilidad a los 14 a\u00f1os, <\/strong>con el fin de poder condenar a los menores que cometen delitos graves.<\/p>\n<p><strong>El jefe de Gabinete, Guillermo Francos, solicit\u00f3 que avancen con la sanci\u00f3n del proyecto para bajar de 16 a 13 a\u00f1os la edad de imputabilidad<\/strong>, aunque hay <strong>consenso para que se pueda establecer en\u00a014 a\u00f1os<\/strong>, en sinton\u00eda con proyectos presentados por opositores y el PRO.<\/p>\n<p><strong>Francos record\u00f3 que el Gobierno envi\u00f3 al Congreso de la Naci\u00f3n ese proyecto en junio del a\u00f1o pasado<\/strong>\u00a0y se\u00f1al\u00f3 al defender esa propuesta que\u00a0<strong>\u201cquien comete un delito de adulto, debe pagar una pena de adulto; por lo que proponemos bajar la edad de imputabilidad a 13 a\u00f1os\u201d<\/strong>.<\/p>\n<p>La presidente de la<strong> comisi\u00f3n de Legislaci\u00f3n, Laura Rodrigo Machado, convoc\u00f3 para el pr\u00f3ximo mi\u00e9rcoles a las 17.30<\/strong>\u00a0para deliberar en conjunto con\u00a0<strong>las comisiones de Justicia, Familia y Presupuesto, que presiden Manuel Quintar (LLA), Roxana Reyes (UCR), y Jos\u00e9 Luis Espert (LLA), respectivamente.<\/strong><\/p>\n<p><strong>La intenci\u00f3n del oficialismo, PRO, la UCR y Encuentro Federal <\/strong>es firmar un dictamen que estar\u00e1 basado en el proyecto del Poder Ejecutivo <strong>y la docena de iniciativas impulsadas por legisladores de diferentes espacios pol\u00edticos.<\/strong><\/p>\n<p><strong>La baja de imputabilidad tambi\u00e9n es respaldada por los diputados que responden al jefe del Frente Renovador, Sergio Massa.<\/strong><\/p>\n<p><strong>La estrategia del oficialismo es tener el mi\u00e9rcoles firmado el despacho de mayor\u00eda para tratarlo en la primera quincena de mayo<\/strong>, informaron fuentes parlamentarias a la Agencia Noticias Argentinas.<\/p>\n<p><strong>La iniciativa ya se debati\u00f3 en siete reuniones el a\u00f1o pasado, y este a\u00f1o hubo dos reuniones<\/strong>, una el 12 de marzo y otra el 19 de marzo, previo a la sesi\u00f3n en la que se debati\u00f3 el acuerdo con el FMI.<\/p>\n<p><strong>Fuentes legislativas precisaron que, si bien el Gobierno quiere establecer la edad en 13 a\u00f1os para condenar a un menor que cometi\u00f3 un delito grave, el consenso que hoy existe es que se puede bajar la edad hasta los 14<\/strong>, como proponen, entre otros, el diputado massista Ramiro Guti\u00e9rrez.<\/p>\n<p><strong>El proyecto del Gobierno establece que no se le podr\u00e1 imponer al menor una pena de reclusi\u00f3n perpetua y que ser\u00e1 el m\u00e1ximo de prisi\u00f3n de 20 a\u00f1os<\/strong>, a\u00fan si la escala penal fuera m\u00e1s elevada producto de la concurrencia real de varios hechos independientes. <strong>(VW)<\/strong><\/p>\n<p>&nbsp;<\/p>\n","protected":false},"excerpt":{"rendered":"<p>La iniciativa que propone condenar por delitos graves a los menores. El oficialismo quiere tener el mi\u00e9rcoles firmado el despacho de mayor\u00eda para tratarlo en la primera quincena de mayo.<\/p>\n","protected":false},"author":4,"featured_media":12685,"comment_status":"closed","ping_status":"closed","sticky":false,"template":"","format":"standard","meta":{"_monsterinsights_skip_tracking":false,"_monsterinsights_sitenote_active":false,"_monsterinsights_sitenote_note":"","_monsterinsights_sitenote_category":0,"footnotes":""},"categories":[4,5],"tags":[7604,143,1021,1953],"class_list":["post-17869","post","type-post","status-publish","format-standard","has-post-thumbnail","hentry","category-politica","category-sociedad","tag-bajar-la-edad-de-imputabilidad","tag-diputados","tag-menores","tag-proyecto"],"_links":{"self":[{"href":"https:\/\/www.visionweb.com.ar\/index.php?rest_route=\/wp\/v2\/posts\/17869","targetHints":{"allow":["GET"]}}],"collection":[{"href":"https:\/\/www.visionweb.com.ar\/index.php?rest_route=\/wp\/v2\/posts"}],"about":[{"href":"https:\/\/www.visionweb.com.ar\/index.php?rest_route=\/wp\/v2\/types\/post"}],"author":[{"embeddable":true,"href":"https:\/\/www.visionweb.com.ar\/index.php?rest_route=\/wp\/v2\/users\/4"}],"replies":[{"embeddable":true,"href":"https:\/\/www.visionweb.com.ar\/index.php?rest_route=%2Fwp%2Fv2%2Fcomments&post=17869"}],"version-history":[{"count":1,"href":"https:\/\/www.visionweb.com.ar\/index.php?rest_route=\/wp\/v2\/posts\/17869\/revisions"}],"predecessor-version":[{"id":17870,"href":"https:\/\/www.visionweb.com.ar\/index.php?rest_route=\/wp\/v2\/posts\/17869\/revisions\/17870"}],"wp:featuredmedia":[{"embeddable":true,"href":"https:\/\/www.visionweb.com.ar\/index.php?rest_route=\/wp\/v2\/media\/12685"}],"wp:attachment":[{"href":"https:\/\/www.visionweb.com.ar\/index.php?rest_route=%2Fwp%2Fv2%2Fmedia&parent=17869"}],"wp:term":[{"taxonomy":"category","embeddable":true,"href":"https:\/\/www.visionweb.com.ar\/index.php?rest_route=%2Fwp%2Fv2%2Fcategories&post=17869"},{"taxonomy":"post_tag","embeddable":true,"href":"https:\/\/www.visionweb.com.ar\/index.php?rest_route=%2Fwp%2Fv2%2Ftags&post=17869"}],"curies":[{"name":"wp","href":"https:\/\/api.w.org\/{rel}","templated":true}]}}