{"id":17865,"date":"2025-04-18T08:56:26","date_gmt":"2025-04-18T11:56:26","guid":{"rendered":"https:\/\/www.visionweb.com.ar\/?p=17865"},"modified":"2025-04-18T08:56:26","modified_gmt":"2025-04-18T11:56:26","slug":"los-super-negocian-una-baja-en-el-precio-con-la-industria-alimentaria","status":"publish","type":"post","link":"https:\/\/www.visionweb.com.ar\/?p=17865","title":{"rendered":"Los super negocian una baja en el precio con la industria alimentaria"},"content":{"rendered":"<p><em><strong>Las conversaciones con las productoras de alimentos se iniciar\u00e1n el lunes pr\u00f3ximo. La industria alimentaria asegura que la devaluaci\u00f3n que acompa\u00f1\u00f3 la salida del cepo pego en los costos.<\/strong><\/em><!--more--><\/p>\n<p><img loading=\"lazy\" decoding=\"async\" class=\"size-medium wp-image-16538 alignleft\" src=\"https:\/\/www.visionweb.com.ar\/wp-content\/uploads\/2024\/11\/SUPERMERCADOS-300x160.png\" alt=\"\" width=\"300\" height=\"160\" srcset=\"https:\/\/www.visionweb.com.ar\/wp-content\/uploads\/2024\/11\/SUPERMERCADOS-300x160.png 300w, https:\/\/www.visionweb.com.ar\/wp-content\/uploads\/2024\/11\/SUPERMERCADOS.png 640w\" sizes=\"auto, (max-width: 300px) 100vw, 300px\" \/>Luego de las denuncias del gobierno nacional contra varias productoras de alimentos por las subas de precios atadas a la salida del cepo, representantes de las principales compa\u00f1\u00edas de ese sector y ejecutivos de las mayores cadenas de supermercados comenzar\u00e1n a negociar un esquema de subas para los pr\u00f3ximos meses.<\/p>\n<p>Lo har\u00e1n a partir del pr\u00f3ximo lunes 21 de abril y con el objetivo de acercar posiciones tras las negativas de los due\u00f1os de los hipermercados de aceptar nuevas listas con incrementos de hasta un 12% en algunos casos.<\/p>\n<p>De hecho, esos retoques fueron los denunciados por funcionarios oficiales como Luis Caputo, mediante su cuenta en X, desde la cual el ministro de Econom\u00eda asegur\u00f3 que las cadenas de supermercados rechazaron la mercader\u00eda con lista de precios de dos grandes empresas que presentaban subas de 9% a 12%.<\/p>\n<p>\u00abHoy los supermercados grandes rechazaron la mercader\u00eda con lista de precios nueva de Unilever y Molinos con subas de 9% a 12%\u00bb, escribi\u00f3 el titular del Palacio de Hacienda en la ex twitter, y cerr\u00f3 el mensaje con el emoji de aplausos repetido cuatro veces.<\/p>\n<p>Sin embargo, no fueron solamente la multinacional alimenticia y el holding de la familia Perez Companc los que enviaron listados nuevos a cadenas como Coto; Carrefour; Changom\u00e1s; La An\u00f3nima, entre otros supermercados, ya que lo mismo hicieron otras empresas como S.C Johnson; Aceitera General Deheza o Softys.<\/p>\n<p>Todas lo hicieron argumentando que la devaluaci\u00f3n encubierta que supuso el fin del cepo les \u00abpeg\u00f3\u00bb en el costo de varios insumos y componentes importados que utilizan en los productos que fabrican y que, por lo tanto, deb\u00edan trasladar ese aumento al precio de venta con el que se env\u00edan a los dep\u00f3sitos de los hipermercados.<\/p>\n<p>Sin embargo, se encontraron con un rechazo que no esperaban de parte de los due\u00f1os de dichas cadenas, quienes casi en bloque optaron por no convalidar esas subas rechazando las nuevas listas, lo cual desat\u00f3 un peque\u00f1o conflicto que desde la pr\u00f3xima semana se intentar\u00e1 saldar.<\/p>\n<p>La reacci\u00f3n de Caputo a este escenario no fue objetiva sino que se enmarca en la decisi\u00f3n que baj\u00f3 el propio Javier Milei a sus funcionarios para que se oculte \u00abbajo la alfombra\u00bb los efectos no deseados del inicio de la llamada Fase 3 del plan econ\u00f3mico, con la inauguraci\u00f3n de un esquema de banda de flotaci\u00f3n para el d\u00f3lar y el acuerdo por los u$s20.000 millones del Fondo Monetario Internacional (FMI).<\/p>\n<p><strong>El comunicado de la cadena de supermercados y autoservicios<\/strong><\/p>\n<p>Las c\u00e1maras que nuclean a los supermercados y autoservicios salieron a respaldar la decisi\u00f3n del gobierno de pedirles a las alimenticias que moderen los aumentos en los precios, en un comunicado que emitieron en las \u00faltimas oras. Este es el comunicado:<\/p>\n<p>\u00abContinuando con nuestra comunicaci\u00f3n del d\u00eda 14 de abril, en la que manifestamos que consider\u00e1bamos acertadas las medidas del Gobierno Nacional eliminando controles, cepos, multiplicidad de tipos de cambio, etc, vemos que los mercados han respondido positivamente, especialmente en lo que hace a la cotizaci\u00f3n del d\u00f3lar\u00bb.<\/p>\n<p>\u00abEsa es una se\u00f1al sumamente positiva que todos debemos acompa\u00f1ar para que la econom\u00eda de nuestro pa\u00eds se normalice definitivamente, sin inflaci\u00f3n, retomando la senda de crecimiento que abandonamos desde hace m\u00e1s de una d\u00e9cada, pero, sobre todo, desterrando la pobreza que sufre m\u00e1s de la mitad de nuestros compatriotas\u00bb<\/p>\n<p>\u00abVivimos momentos de cambios muy profundos -en el pa\u00eds y en el mundo- todos debemos asumir la responsabilidad que nos cabe, por eso los integrantes de la Red S\u00faper Argentinos, cadenas regionales y supermercados independientes, presentes en todo el territorio nacional, <strong>no <\/strong><strong>convalidaremos los aumentos desmedidos que buscan imponer algunas de nuestras empresas <\/strong><strong>proveedoras.<\/strong><\/p>\n<p>\u00abEn el marco del compromiso social empresario que asumimos, defender a nuestros clientes es prioritario, por eso no aceptaremos listas de precios con incrementos injustificados, dado que no existen motivos para aumentos masivos e indiscriminados, considerando las actuales circunstancias. Queda mucho por hacer, por eso es imprescindible el aporte de todos\u00bb<strong>(NAP\/VW)<\/strong><\/p>\n<p>&nbsp;<\/p>\n","protected":false},"excerpt":{"rendered":"<p>Las conversaciones con las productoras de alimentos se iniciar\u00e1n el lunes pr\u00f3ximo. La industria alimentaria asegura que la devaluaci\u00f3n que acompa\u00f1\u00f3 la salida del cepo pego en los costos.<\/p>\n","protected":false},"author":3,"featured_media":16538,"comment_status":"closed","ping_status":"closed","sticky":false,"template":"","format":"standard","meta":{"_monsterinsights_skip_tracking":false,"_monsterinsights_sitenote_active":false,"_monsterinsights_sitenote_note":"","_monsterinsights_sitenote_category":0,"footnotes":""},"categories":[1],"tags":[7602,7603,47,365],"class_list":["post-17865","post","type-post","status-publish","format-standard","has-post-thumbnail","hentry","category-uncategorized","tag-alimentarias","tag-conversaciones","tag-precios","tag-supermercados"],"_links":{"self":[{"href":"https:\/\/www.visionweb.com.ar\/index.php?rest_route=\/wp\/v2\/posts\/17865","targetHints":{"allow":["GET"]}}],"collection":[{"href":"https:\/\/www.visionweb.com.ar\/index.php?rest_route=\/wp\/v2\/posts"}],"about":[{"href":"https:\/\/www.visionweb.com.ar\/index.php?rest_route=\/wp\/v2\/types\/post"}],"author":[{"embeddable":true,"href":"https:\/\/www.visionweb.com.ar\/index.php?rest_route=\/wp\/v2\/users\/3"}],"replies":[{"embeddable":true,"href":"https:\/\/www.visionweb.com.ar\/index.php?rest_route=%2Fwp%2Fv2%2Fcomments&post=17865"}],"version-history":[{"count":1,"href":"https:\/\/www.visionweb.com.ar\/index.php?rest_route=\/wp\/v2\/posts\/17865\/revisions"}],"predecessor-version":[{"id":17866,"href":"https:\/\/www.visionweb.com.ar\/index.php?rest_route=\/wp\/v2\/posts\/17865\/revisions\/17866"}],"wp:featuredmedia":[{"embeddable":true,"href":"https:\/\/www.visionweb.com.ar\/index.php?rest_route=\/wp\/v2\/media\/16538"}],"wp:attachment":[{"href":"https:\/\/www.visionweb.com.ar\/index.php?rest_route=%2Fwp%2Fv2%2Fmedia&parent=17865"}],"wp:term":[{"taxonomy":"category","embeddable":true,"href":"https:\/\/www.visionweb.com.ar\/index.php?rest_route=%2Fwp%2Fv2%2Fcategories&post=17865"},{"taxonomy":"post_tag","embeddable":true,"href":"https:\/\/www.visionweb.com.ar\/index.php?rest_route=%2Fwp%2Fv2%2Ftags&post=17865"}],"curies":[{"name":"wp","href":"https:\/\/api.w.org\/{rel}","templated":true}]}}