{"id":17862,"date":"2025-04-17T13:11:40","date_gmt":"2025-04-17T16:11:40","guid":{"rendered":"https:\/\/www.visionweb.com.ar\/?p=17862"},"modified":"2025-04-17T13:11:40","modified_gmt":"2025-04-17T16:11:40","slug":"la-industria-bonaerense-en-alerta-por-una-nueva-desregulacion","status":"publish","type":"post","link":"https:\/\/www.visionweb.com.ar\/?p=17862","title":{"rendered":"La industria bonaerense en alerta por una nueva desregulaci\u00f3n"},"content":{"rendered":"<p><em><strong>Otra medida del Gobierno nacional que desregul\u00f3 la importaci\u00f3n de bienes usados para la industria. Preocupaci\u00f3n en el sector que instaron al Gobierno a \u201crevertir esta resoluci\u00f3n\u201d.<\/strong><\/em><!--more--><\/p>\n<p><strong>\u00a0 <img loading=\"lazy\" decoding=\"async\" class=\"size-medium wp-image-15058 alignright\" src=\"https:\/\/www.visionweb.com.ar\/wp-content\/uploads\/2024\/07\/FEDERICO-STURZENEGGER-300x169.png\" alt=\"\" width=\"300\" height=\"169\" srcset=\"https:\/\/www.visionweb.com.ar\/wp-content\/uploads\/2024\/07\/FEDERICO-STURZENEGGER-300x169.png 300w, https:\/\/www.visionweb.com.ar\/wp-content\/uploads\/2024\/07\/FEDERICO-STURZENEGGER.png 640w\" sizes=\"auto, (max-width: 300px) 100vw, 300px\" \/>\u00a0 E<\/strong>mpresarios de la <strong>industria<\/strong> nucleados en\u00a0<strong>ADIBA, CEPBA, FEBA y UIPPBA<\/strong>\u00a0salieron un\u00e1nimemente a rechazar otra <strong>medida \u201cdesregulatoria\u201d<\/strong> del gobierno de\u00a0<strong>Javier Milei\u00a0<\/strong>que permite el <strong>ingreso de equipamiento y maquinaria usada al pa\u00eds <\/strong>sin tramitar el\u00a0<strong>Certificado de Importaci\u00f3n de Bienes Usados (CIBU).<\/strong><\/p>\n<p>La medida se implement\u00f3 por medio del <strong>Decreto 273\/2025<\/strong> para <strong>eliminar prohibiciones para importar<\/strong>, por ejemplo, m\u00e1quinas para extracci\u00f3n de petr\u00f3leo y gas, cortadoras industriales, moldes de matricer\u00eda (usados en la industria automotriz) y maquinaria para la industria gr\u00e1fica, entre muchas otras.<\/p>\n<p>Los industriales temen por los\u00a0<strong>efectos negativos sobre la producci\u00f3n manufacturera a mediana escala<\/strong>, <strong>especialmente en sectores que fabrican maquinaria, equipos o repuestos similares a los que ahora se podr\u00e1n importar usados<\/strong> con mayor facilidad.<\/p>\n<p>Al eliminar el CIBU y reemplazarlo por una declaraci\u00f3n jurada, se reduce significativamente el control previo del Estado, lo cual\u00a0<strong>abarata y agiliza la importaci\u00f3n de bienes usados<\/strong>.<\/p>\n<p>Esto beneficia a empresas que los necesitan como insumo o herramienta, pero\u00a0<strong>puede generar una competencia desleal para los fabricantes<\/strong>, sobre todo los medianos, que muchas veces no pueden competir en precio con productos importados, incluso usados, debido a sus costos estructurales m\u00e1s altos.<\/p>\n<p>Adem\u00e1s, si bien el decreto mantiene ciertas salvaguardas (como el respeto a normas de calidad, ambientales y de defensa del consumidor), la l\u00f3gica de \u201csimplificaci\u00f3n administrativa\u201d puede abrir la puerta a un\u00a0<strong>mayor ingreso de bienes que reemplazan producci\u00f3n nacional<\/strong>.<\/p>\n<p><img loading=\"lazy\" decoding=\"async\" class=\"size-medium wp-image-249 alignleft\" src=\"https:\/\/www.visionweb.com.ar\/wp-content\/uploads\/2020\/11\/INDUSTRIAS-DE-AUTOPARTES-300x199.png\" alt=\"\" width=\"300\" height=\"199\" srcset=\"https:\/\/www.visionweb.com.ar\/wp-content\/uploads\/2020\/11\/INDUSTRIAS-DE-AUTOPARTES-300x199.png 300w, https:\/\/www.visionweb.com.ar\/wp-content\/uploads\/2020\/11\/INDUSTRIAS-DE-AUTOPARTES.png 640w\" sizes=\"auto, (max-width: 300px) 100vw, 300px\" \/>Para las pymes manufactureras, que ya enfrentan dificultades por escala, acceso al cr\u00e9dito o costos laborales, esto podr\u00eda\u00a0<strong>erosionar a\u00fan m\u00e1s su participaci\u00f3n en el mercado interno<\/strong>\u00a0y afectar sus planes de inversi\u00f3n o crecimiento.<\/p>\n<p>En esa l\u00ednea, los industriales bonaerenses consideraron que lejos de impulsar el desarrollo productivo, <strong>atenta directamente contra la industria nacional<\/strong> y la balanza comercial. \u201cLa eliminaci\u00f3n del CIBU no solo reduce los controles t\u00e9cnicos y de seguridad necesarios para el ingreso de este tipo de bienes \u2014que en muchos casos no cumplen con los est\u00e1ndares requeridos para su operaci\u00f3n segura y eficiente\u2014, sino que tambi\u00e9n abre la puerta a un ingreso indiscriminado de maquinaria que compite de manera desleal con la producci\u00f3n local\u201d, indicaron.<\/p>\n<p>Tambi\u00e9n subrayaron que la medida \u201c<strong>fomenta la utilizaci\u00f3n de divisas para la compra de bienes usados del exterior, en detrimento de la sustituci\u00f3n de importaciones por producci\u00f3n local\u201d<\/strong>\u00a0y configura \u201cun escenario preocupante para el presente y futuro de la industria nacional, ya que\u00a0<strong>los avances en la agenda de integraci\u00f3n comercial no se encuentran acompa\u00f1ados de una agenda de competitividad dentro del pa\u00eds\u201d.<\/strong><\/p>\n<p>\u201c<strong>Necesitamos nivelar la cancha\u201d<\/strong>, reclamaron, y se\u00f1alaron \u201cel sector de bienes de capital en la provincia de Buenos Aires representa el 21,5 % del empleo total y nuclea al 18,9 % de las empresas metal\u00fargicas del pa\u00eds. A su vez, representa el 27,2 % del PIB industrial metal\u00fargico de la regi\u00f3n\u201d.<\/p>\n<p>En ese sentido, las firmantes\u00a0<strong>ADIBA, CEPBA, FEBA y UIPBA instaron al Gobierno a \u201crevertir esta resoluci\u00f3n y a generar un marco regulatorio que promueva una industria moderna, sustentable y competitiva, con reglas claras, previsibilidad y visi\u00f3n de largo plazo\u201d.<\/strong><\/p>\n<p>\u201cEl desarrollo del pa\u00eds necesita una pol\u00edtica industrial activa, que aliente la innovaci\u00f3n y el crecimiento de la producci\u00f3n nacional, y para ello se debe trabajar en la competitividad y la integraci\u00f3n comercial, para no seguir profundizando la ca\u00edda de la producci\u00f3n industrial y el empleo, en especial mediante la baja de impuestos nacionales, provinciales y municipales\u201d, concluyeron. <strong>(VW)<\/strong><\/p>\n<p>&nbsp;<\/p>\n","protected":false},"excerpt":{"rendered":"<p>Otra medida del Gobierno nacional que desregul\u00f3 la importaci\u00f3n de bienes usados para la industria. Preocupaci\u00f3n en el sector que instaron al Gobierno a \u201crevertir esta resoluci\u00f3n\u201d.<\/p>\n","protected":false},"author":4,"featured_media":15058,"comment_status":"closed","ping_status":"closed","sticky":false,"template":"","format":"standard","meta":{"_monsterinsights_skip_tracking":false,"_monsterinsights_sitenote_active":false,"_monsterinsights_sitenote_note":"","_monsterinsights_sitenote_category":0,"footnotes":""},"categories":[4,749],"tags":[7600,7601,7599],"class_list":["post-17862","post","type-post","status-publish","format-standard","has-post-thumbnail","hentry","category-politica","category-pymes","tag-alerta-por-desregulacion","tag-importacion-de-maquinarias-usadas","tag-industriales-bonaerenses"],"_links":{"self":[{"href":"https:\/\/www.visionweb.com.ar\/index.php?rest_route=\/wp\/v2\/posts\/17862","targetHints":{"allow":["GET"]}}],"collection":[{"href":"https:\/\/www.visionweb.com.ar\/index.php?rest_route=\/wp\/v2\/posts"}],"about":[{"href":"https:\/\/www.visionweb.com.ar\/index.php?rest_route=\/wp\/v2\/types\/post"}],"author":[{"embeddable":true,"href":"https:\/\/www.visionweb.com.ar\/index.php?rest_route=\/wp\/v2\/users\/4"}],"replies":[{"embeddable":true,"href":"https:\/\/www.visionweb.com.ar\/index.php?rest_route=%2Fwp%2Fv2%2Fcomments&post=17862"}],"version-history":[{"count":1,"href":"https:\/\/www.visionweb.com.ar\/index.php?rest_route=\/wp\/v2\/posts\/17862\/revisions"}],"predecessor-version":[{"id":17864,"href":"https:\/\/www.visionweb.com.ar\/index.php?rest_route=\/wp\/v2\/posts\/17862\/revisions\/17864"}],"wp:featuredmedia":[{"embeddable":true,"href":"https:\/\/www.visionweb.com.ar\/index.php?rest_route=\/wp\/v2\/media\/15058"}],"wp:attachment":[{"href":"https:\/\/www.visionweb.com.ar\/index.php?rest_route=%2Fwp%2Fv2%2Fmedia&parent=17862"}],"wp:term":[{"taxonomy":"category","embeddable":true,"href":"https:\/\/www.visionweb.com.ar\/index.php?rest_route=%2Fwp%2Fv2%2Fcategories&post=17862"},{"taxonomy":"post_tag","embeddable":true,"href":"https:\/\/www.visionweb.com.ar\/index.php?rest_route=%2Fwp%2Fv2%2Ftags&post=17862"}],"curies":[{"name":"wp","href":"https:\/\/api.w.org\/{rel}","templated":true}]}}