{"id":17858,"date":"2025-04-17T11:47:47","date_gmt":"2025-04-17T14:47:47","guid":{"rendered":"https:\/\/www.visionweb.com.ar\/?p=17858"},"modified":"2025-04-17T11:47:47","modified_gmt":"2025-04-17T14:47:47","slug":"abrio-la-inscripcion-para-participar-del-parlamento-juvenil-bonaerense","status":"publish","type":"post","link":"https:\/\/www.visionweb.com.ar\/?p=17858","title":{"rendered":"Abri\u00f3 la inscripci\u00f3n para participar del Parlamento Juvenil Bonaerense"},"content":{"rendered":"<p><strong><em>Hay tiempo hasta el 30 de abril. El Programa tiene por objetivo fortalecer la ciudadan\u00eda democr\u00e1tica y propone la construcci\u00f3n de debates en torno a diversos ejes.<\/em><\/strong><!--more--><\/p>\n<div id=\"attachment_17859\" style=\"width: 310px\" class=\"wp-caption alignright\"><img loading=\"lazy\" decoding=\"async\" aria-describedby=\"caption-attachment-17859\" class=\"wp-image-17859 size-medium\" src=\"https:\/\/www.visionweb.com.ar\/wp-content\/uploads\/2025\/04\/paramento-juvenil-bonae-300x180.png\" alt=\"\" width=\"300\" height=\"180\" srcset=\"https:\/\/www.visionweb.com.ar\/wp-content\/uploads\/2025\/04\/paramento-juvenil-bonae-300x180.png 300w, https:\/\/www.visionweb.com.ar\/wp-content\/uploads\/2025\/04\/paramento-juvenil-bonae.png 660w\" sizes=\"auto, (max-width: 300px) 100vw, 300px\" \/><p id=\"caption-attachment-17859\" class=\"wp-caption-text\">Estudiantes de escuelas secundarias en plena participaci\u00f3n del Parlamento Juvenil Bonaerense, en la Legislatura provincial. Foto: Direcci\u00f3n de Pol\u00edticas Socioeducativas<\/p><\/div>\n<p><strong>\u00a0 \u00a0 L<\/strong>a <strong>Direcci\u00f3n General de Cultura y Educaci\u00f3n de la provincia de Buenos Aires (DGCyE)<\/strong>, a trav\u00e9s de la <strong>Direcci\u00f3n de Pol\u00edticas Socioeducativas<\/strong>, abri\u00f3 la inscripci\u00f3n la <strong>edici\u00f3n 2025 del<\/strong>\u00a0<strong>Parlamento Juvenil Bonaerense.<\/strong><\/p>\n<p>Los estudiantes interesados\u00a0<strong>deber\u00e1n llenar un formulario online, que estar\u00e1 disponible hasta el 30 de abril inclusive.<\/strong><\/p>\n<p>La convocatoria busca crear un espacio de encuentro e intercambio de ideas, est\u00e1 dirigida a <strong>j\u00f3venes de escuelas de gesti\u00f3n p\u00fablica y privada<\/strong> de los 135 municipios bonaerenses.<\/p>\n<p>El Programa tiene por objetivo fortalecer la ciudadan\u00eda democr\u00e1tica y propone la construcci\u00f3n de debates en torno a diversos ejes:<\/p>\n<ul>\n<li>Inclusi\u00f3n Educativa<\/li>\n<li>J\u00f3venes y Trabajo<\/li>\n<li>Educaci\u00f3n Sexual Integral (ESI)<\/li>\n<li>Participaci\u00f3n Ciudadana<\/li>\n<li>Derechos Humanos<\/li>\n<li>Salud Mental<\/li>\n<li>Comunicaci\u00f3n y Medios<\/li>\n<li>Educaci\u00f3n Ambiental Integral<\/li>\n<\/ul>\n<p>Los estudiantes que deseen escribirse deben completar el siguiente formulario:\u00a0<a href=\"https:\/\/docs.google.com\/forms\/d\/e\/1FAIpQLSfurWe1Ewj7y-dsevG9cv0WdNrf7v7SQ8lpXFQokXP_B2B2Rw\/viewform?fbclid=PAZXh0bgNhZW0CMTEAAae4kdBbzHUD2NyUjPR40UyTs4v-2KTluKHQEHzlnSRzg8enk7JMXoNgAOY7BQ_aem_2WKS8kG6XwT6ppJl5QjfIA\">Parlamento Juvenil Bonaerense<\/a>.<\/p>\n<p><strong>Las pol\u00edticas socioeducativas\u00a0<\/strong>contribuyen a garantizar el derecho social a la educaci\u00f3n, promueven la inclusi\u00f3n, igualdad y calidad educativa en los t\u00e9rminos expresados en la Ley Nacional de Educaci\u00f3n N\u00b0 26.206 y en la Ley Provincial de Educaci\u00f3n N\u00b013.688.<\/p>\n<p>Las acciones, programas y proyectos socioeducativos tienen por<strong> objetivos<\/strong>\u00a0el <strong>fortalecimiento de las trayectorias educativas de ni\u00f1as, ni\u00f1os, adolescentes y j\u00f3venes, la revinculaci\u00f3n, la permanencia en las instituciones con ense\u00f1anza y aprendizaje<\/strong>, as\u00ed como la ampliaci\u00f3n de los universos culturales, fundamentalmente en contextos socioecon\u00f3micos vulnerables.<\/p>\n<p>A su vez,\u00a0estrechan los v\u00ednculos\u00a0entre las escuelas, las familias, las organizaciones de la sociedad civil y la comunidad mediante la elaboraci\u00f3n e implementaci\u00f3n de proyectos colectivos, que contribuyan a consolidar una ciudadan\u00eda democr\u00e1tica y participativa.<\/p>\n<p>Las pol\u00edticas socioeducativas ponen en valor la gran diversidad y riqueza geogr\u00e1fica, social y cultural de todo el territorio bonaerense. Las propuestas se enmarcan en perspectivas situadas hist\u00f3ricamente, en conjunto con cada comunidad, para posibilitar que todos y todas vuelvan a la escuela, quieran estar en ella, aprendan y egresen. <strong>(VW)<\/strong><\/p>\n","protected":false},"excerpt":{"rendered":"<p>Hay tiempo hasta el 30 de abril. El Programa tiene por objetivo fortalecer la ciudadan\u00eda democr\u00e1tica y propone la construcci\u00f3n de debates en torno a diversos ejes.<\/p>\n","protected":false},"author":4,"featured_media":17859,"comment_status":"closed","ping_status":"closed","sticky":false,"template":"","format":"standard","meta":{"_monsterinsights_skip_tracking":false,"_monsterinsights_sitenote_active":false,"_monsterinsights_sitenote_note":"","_monsterinsights_sitenote_category":0,"footnotes":""},"categories":[4,5],"tags":[7598,4752,1079,7597],"class_list":["post-17858","post","type-post","status-publish","format-standard","has-post-thumbnail","hentry","category-politica","category-sociedad","tag-abierta-la-inscripcion","tag-dgcye","tag-estudiantes","tag-parlamento-juvenil-bonaerense"],"_links":{"self":[{"href":"https:\/\/www.visionweb.com.ar\/index.php?rest_route=\/wp\/v2\/posts\/17858","targetHints":{"allow":["GET"]}}],"collection":[{"href":"https:\/\/www.visionweb.com.ar\/index.php?rest_route=\/wp\/v2\/posts"}],"about":[{"href":"https:\/\/www.visionweb.com.ar\/index.php?rest_route=\/wp\/v2\/types\/post"}],"author":[{"embeddable":true,"href":"https:\/\/www.visionweb.com.ar\/index.php?rest_route=\/wp\/v2\/users\/4"}],"replies":[{"embeddable":true,"href":"https:\/\/www.visionweb.com.ar\/index.php?rest_route=%2Fwp%2Fv2%2Fcomments&post=17858"}],"version-history":[{"count":1,"href":"https:\/\/www.visionweb.com.ar\/index.php?rest_route=\/wp\/v2\/posts\/17858\/revisions"}],"predecessor-version":[{"id":17861,"href":"https:\/\/www.visionweb.com.ar\/index.php?rest_route=\/wp\/v2\/posts\/17858\/revisions\/17861"}],"wp:featuredmedia":[{"embeddable":true,"href":"https:\/\/www.visionweb.com.ar\/index.php?rest_route=\/wp\/v2\/media\/17859"}],"wp:attachment":[{"href":"https:\/\/www.visionweb.com.ar\/index.php?rest_route=%2Fwp%2Fv2%2Fmedia&parent=17858"}],"wp:term":[{"taxonomy":"category","embeddable":true,"href":"https:\/\/www.visionweb.com.ar\/index.php?rest_route=%2Fwp%2Fv2%2Fcategories&post=17858"},{"taxonomy":"post_tag","embeddable":true,"href":"https:\/\/www.visionweb.com.ar\/index.php?rest_route=%2Fwp%2Fv2%2Ftags&post=17858"}],"curies":[{"name":"wp","href":"https:\/\/api.w.org\/{rel}","templated":true}]}}