{"id":17855,"date":"2025-04-17T10:38:09","date_gmt":"2025-04-17T13:38:09","guid":{"rendered":"https:\/\/www.visionweb.com.ar\/?p=17855"},"modified":"2025-04-17T10:38:09","modified_gmt":"2025-04-17T13:38:09","slug":"conectar-2025-universidades-del-conurbano-reforzaron-su-compromiso-con-el-desarrollo-nacional","status":"publish","type":"post","link":"https:\/\/www.visionweb.com.ar\/?p=17855","title":{"rendered":"Conectar 2025: Universidades del conurbano reforzaron su compromiso con el desarrollo nacional"},"content":{"rendered":"<p><em><strong>La Universidad de Quilmes reuni\u00f3 a los grupos de investigaci\u00f3n y desarrollo cient\u00edfico-tecnol\u00f3gico de las casas de altos estudios del AMBA sur para fortalecer sus capacidades y generar nuevas oportunidades de colaboraci\u00f3n.<\/strong><\/em><!--more--><\/p>\n<div id=\"attachment_17856\" style=\"width: 310px\" class=\"wp-caption alignright\"><img loading=\"lazy\" decoding=\"async\" aria-describedby=\"caption-attachment-17856\" class=\"wp-image-17856 size-medium\" src=\"https:\/\/www.visionweb.com.ar\/wp-content\/uploads\/2025\/04\/AMBA-SUR-UNIVERSIDADES-300x165.png\" alt=\"\" width=\"300\" height=\"165\" srcset=\"https:\/\/www.visionweb.com.ar\/wp-content\/uploads\/2025\/04\/AMBA-SUR-UNIVERSIDADES-300x165.png 300w, https:\/\/www.visionweb.com.ar\/wp-content\/uploads\/2025\/04\/AMBA-SUR-UNIVERSIDADES.png 640w\" sizes=\"auto, (max-width: 300px) 100vw, 300px\" \/><p id=\"caption-attachment-17856\" class=\"wp-caption-text\"><em><strong>Universidades del AMBA Sure destacaron la importancia de la ciencia y la tecnolog\u00eda (Foto: AUNO)<\/strong><\/em><\/p><\/div>\n<p>Ante un Gobierno Nacional que \u201cdetesta\u201d la\u00a0<strong>ciencia y la tecnolog\u00eda<\/strong>, las autoridades de las universidades p\u00fablicas del conurbano sur destacaron el rol de estas disciplinas para el desarrollo de\u00a0<strong>\u201cun esquema de soberan\u00eda<\/strong>\u201d para la Argentina.<\/p>\n<p>En el marco de la\u00a0<strong>Semana Nacional de la Ciencia<\/strong>, la\u00a0<strong>Universidad Nacional de Quilmes (UNQ)<\/strong>\u00a0realiz\u00f3 el encuentro\u00a0<strong>Conectar 2025<\/strong>, una iniciativa del\u00a0<strong>Consejo Interuniversitario Nacional (CIN)<\/strong>\u00a0que reuni\u00f3 a los grupos de investigaci\u00f3n y desarrollo cient\u00edfico-tecnol\u00f3gico de las casas de altos estudios del\u00a0<strong>AMBA sur<\/strong>\u00a0en pos de fortalecer sus capacidades y generar nuevas oportunidades de colaboraci\u00f3n.<\/p>\n<p>En este sentido, el rector de la UNQ, el mag\u00edster\u00a0<strong>Alfredo Alfonso<\/strong>, destac\u00f3 al\u00a0<strong>sistema cient\u00edfico nacional\u00a0<\/strong>como aquel que le permite al pa\u00eds \u00abestar entre los 10 pa\u00edses que pueden lanzar sat\u00e9lites y desarrollar plantas nucleares\u201d, lo que \u201cdemuestra que es un sistema sumamente exitoso\u201d, se\u00f1al\u00f3 la agencia AUNO.<\/p>\n<p>\u201cConsideramos que en esta sociedad del conocimiento, el conocimiento se compra o se tiene y nosotros lo tenemos.\u00a0<strong>En Argentina la ciencia es futuro<\/strong>\u201d, analiz\u00f3 Alfonso, a la par que se\u00f1al\u00f3 que el objetivo del encuentro fue \u201cmostrar cada uno de los avances en ciencia que permiten fortalecer al pa\u00eds\u201d. \u201cEl conocimiento es parte de la soluci\u00f3n de los problemas de los argentinos, nunca el problema\u201d, asever\u00f3.<\/p>\n<p>Por su parte, la vicerrectora de la UNQ,\u00a0<strong>Mar\u00eda Alejandra Zinni<\/strong>, celebr\u00f3 la participaci\u00f3n de estudiantes, docentes y grupos de investigaci\u00f3n, al considerar que ello \u201csignifica que la ciencia moviliza\u201d, pese al momento \u201ctan dif\u00edcil\u201d y \u201ccr\u00edtico\u201d de desfinanciamiento. \u201cPero siempre apuesto a que nos tenemos que reunir y tener imaginaci\u00f3n para poder articular desde nuestros saberes y nuestras investigaciones y fortalecer nuestras instituciones\u201d, sostuvo.<\/p>\n<p>Zinni plante\u00f3 que tanto la ciencia como <strong>las universidades est\u00e1n \u201csiendo atacados\u201d por parte del Gobierno de La Libertad Avanza (LLA)<\/strong>, y ante esta situaci\u00f3n consider\u00f3 necesario \u201cseguir trabajando desde las trincheras para demostrarle al pueblo argentino que ciencia, salud y trabajo es soberan\u00eda\u201d.<\/p>\n<p>\u201cTenemos un Gobierno Nacional que no nos escucha y las universidades tenemos mucho que decir.\u00a0<strong>Somos universidades del conurbano<\/strong>, tenemos que tener la escucha atenta, estar al servicio de las personas que habitan nuestros territorios y ser creativos, hoy m\u00e1s que nunca\u201d, enfatiz\u00f3.<\/p>\n<p>En tanto, el rector de la\u00a0<strong>Universidad Nacional de Avellaneda (UNDAV)<\/strong>,\u00a0<strong>Jorge Calzoni<\/strong>, tambi\u00e9n se refiri\u00f3 al contexto embate que se afronta el sistema educativo nacional: \u00abNos parec\u00eda importante en este contexto que est\u00e1 viviendo la Argentina poder plantear que\u00a0<strong>la discusi\u00f3n no es solamente econom\u00eda, es de valores\u00a0<\/strong>que vamos a proyectar de aqu\u00ed en adelante\u201d, afirm\u00f3.<\/p>\n<p>Calzoni sostuvo que los gobiernos de corte neoliberal como el de\u00a0<strong>Javier Milei<\/strong>\u00a0\u201clo primero que hacen es tratar de anular el futuro, ya que sin futuro \u201cno hay esperanza\u201d, por lo que consider\u00f3 que la comunidad universitaria tiene \u201cla obligaci\u00f3n de construir ese futuro y esa esperanza\u201d.<\/p>\n<p>A su turno, el rector de la\u00a0<strong>Universidad Nacional Arturo Jauretche (UNAJ)<\/strong>,<strong>\u00a0Arnaldo Medina<\/strong>, agreg\u00f3 que el encuentro \u201creafirma la voluntad\u201d por parte de la comunidad universitaria de \u201cresistir gobiernos que van en contra de la ciencia y la tecnolog\u00eda\u201d.<\/p>\n<p>\u201cNos es muy grato estar aqu\u00ed, esta universidad que consideramos una hermana mayor, tan cercana a nuestro crecimiento.\u00a0<strong>Somos una comunidad universitaria.\u00a0<\/strong>Encuentros como este reafirman nuestro rol como constructores de comunidades\u201d, remarc\u00f3.<\/p>\n<p>Junto con la\u00a0<strong>UQN<\/strong>, la\u00a0<strong>UNDAV<\/strong>, la\u00a0<strong>UNAJ<\/strong>\u00a0y el\u00a0<strong>IUV<\/strong>, organizaron el encuentro la\u00a0<strong>Universidad Nacional de La Plata (UNLP)<\/strong>; la\u00a0<strong>Universidad Tecnol\u00f3gica Nacional Regional Avellaneda (UTN FRA)<\/strong>; la\u00a0<strong>Universidad Nacional Guillermo Brown (UNaB)<\/strong>; la\u00a0<strong>Universidad Nacional de las Artes (UNA)<\/strong>; la\u00a0<strong>Universidad Nacional de Lomas de Zamora (UNLZ)<\/strong>; la\u00a0<strong>Universidad Nacional Tecnol\u00f3gica Nacional Regional La Plata (UTN RLP)<\/strong>; y la\u00a0<strong>Universidad Nacional de Lan\u00fas (UNLa)<\/strong>.<\/p>\n<p>La jornada se complet\u00f3 con un panel titulado\u00a0<strong>\u201cCiencia local con recursos internacionales: \u00bfqu\u00e9 se gana y qu\u00e9 se pierde?\u201d<\/strong>, de la mano de la profesora e investigadora de la UNDAV,\u00a0<strong>Fiorella Wernicke<\/strong>, y el subsecretario de Planificaci\u00f3n y Relaciones Internacionales de la UNQ,\u00a0<strong>Juan Luis M\u00e9rega<\/strong>.<\/p>\n<p>Adem\u00e1s, hubo un espacio para la exposici\u00f3n de\u00a0<strong>p\u00f3steres cient\u00edficos<\/strong>\u00a0y los investigadores pudieron compartir sus proyectos en el espacio\u00a0<strong>Ronda de Conexi\u00f3n<\/strong>, que se dio de manera simult\u00e1nea en las aulas de la UNQ en torno a seis problem\u00e1ticas generales. Un equipo de la Agencia AUNO de la Universidad Nacional de Lomas de Zamora expuso los hallazgos preliminares de su investigaci\u00f3n sobre inteligencia artificial generativa en medios radicados en el Conurbano<strong>(VW)<\/strong>.<\/p>\n","protected":false},"excerpt":{"rendered":"<p>La Universidad de Quilmes reuni\u00f3 a los grupos de investigaci\u00f3n y desarrollo cient\u00edfico-tecnol\u00f3gico de las casas de altos estudios del AMBA sur para fortalecer sus capacidades y generar nuevas oportunidades de colaboraci\u00f3n.<\/p>\n","protected":false},"author":3,"featured_media":17856,"comment_status":"closed","ping_status":"closed","sticky":false,"template":"","format":"standard","meta":{"_monsterinsights_skip_tracking":false,"_monsterinsights_sitenote_active":false,"_monsterinsights_sitenote_note":"","_monsterinsights_sitenote_category":0,"footnotes":""},"categories":[7],"tags":[1494,859,7596,405],"class_list":["post-17855","post","type-post","status-publish","format-standard","has-post-thumbnail","hentry","category-educacion-y-cultura","tag-encuentro","tag-quilmes","tag-soberania","tag-universidades"],"_links":{"self":[{"href":"https:\/\/www.visionweb.com.ar\/index.php?rest_route=\/wp\/v2\/posts\/17855","targetHints":{"allow":["GET"]}}],"collection":[{"href":"https:\/\/www.visionweb.com.ar\/index.php?rest_route=\/wp\/v2\/posts"}],"about":[{"href":"https:\/\/www.visionweb.com.ar\/index.php?rest_route=\/wp\/v2\/types\/post"}],"author":[{"embeddable":true,"href":"https:\/\/www.visionweb.com.ar\/index.php?rest_route=\/wp\/v2\/users\/3"}],"replies":[{"embeddable":true,"href":"https:\/\/www.visionweb.com.ar\/index.php?rest_route=%2Fwp%2Fv2%2Fcomments&post=17855"}],"version-history":[{"count":1,"href":"https:\/\/www.visionweb.com.ar\/index.php?rest_route=\/wp\/v2\/posts\/17855\/revisions"}],"predecessor-version":[{"id":17857,"href":"https:\/\/www.visionweb.com.ar\/index.php?rest_route=\/wp\/v2\/posts\/17855\/revisions\/17857"}],"wp:featuredmedia":[{"embeddable":true,"href":"https:\/\/www.visionweb.com.ar\/index.php?rest_route=\/wp\/v2\/media\/17856"}],"wp:attachment":[{"href":"https:\/\/www.visionweb.com.ar\/index.php?rest_route=%2Fwp%2Fv2%2Fmedia&parent=17855"}],"wp:term":[{"taxonomy":"category","embeddable":true,"href":"https:\/\/www.visionweb.com.ar\/index.php?rest_route=%2Fwp%2Fv2%2Fcategories&post=17855"},{"taxonomy":"post_tag","embeddable":true,"href":"https:\/\/www.visionweb.com.ar\/index.php?rest_route=%2Fwp%2Fv2%2Ftags&post=17855"}],"curies":[{"name":"wp","href":"https:\/\/api.w.org\/{rel}","templated":true}]}}