{"id":17852,"date":"2025-04-17T10:23:53","date_gmt":"2025-04-17T13:23:53","guid":{"rendered":"https:\/\/www.visionweb.com.ar\/?p=17852"},"modified":"2025-04-17T10:23:53","modified_gmt":"2025-04-17T13:23:53","slug":"la-provincia-y-naciones-unidas-estrechan-su-agenda-de-cooperacion","status":"publish","type":"post","link":"https:\/\/www.visionweb.com.ar\/?p=17852","title":{"rendered":"La Provincia y Naciones Unidas estrechan su agenda de cooperaci\u00f3n"},"content":{"rendered":"<p><strong><em>En un encuentro encabezado por el ministro de Gobierno, Carlos Bianco, y la coordinadora residente de la ONU en Argentina, Claudia Mojica, se expusieron l\u00edneas de trabajo para profundizar la colaboraci\u00f3n en distintas \u00e1reas.<\/em><\/strong><!--more--><\/p>\n<p><img loading=\"lazy\" decoding=\"async\" class=\"size-medium wp-image-17853 alignright\" src=\"https:\/\/www.visionweb.com.ar\/wp-content\/uploads\/2025\/04\/DELEGACION-ONU-300x152.png\" alt=\"\" width=\"300\" height=\"152\" srcset=\"https:\/\/www.visionweb.com.ar\/wp-content\/uploads\/2025\/04\/DELEGACION-ONU-300x152.png 300w, https:\/\/www.visionweb.com.ar\/wp-content\/uploads\/2025\/04\/DELEGACION-ONU.png 640w\" sizes=\"auto, (max-width: 300px) 100vw, 300px\" \/>Con el objetivo de realizar un seguimiento de las iniciativas en curso y profundizar la agenda de cooperaci\u00f3n del Gobierno bonaerense con Naciones Unidas (ONU), el ministro de Gobierno Carlos Bianco recibi\u00f3 a la coordinadora residente de la ONU en Argentina, Claudia Mojica.<\/p>\n<p>En el encuentro participaron, adem\u00e1s, otros ministros del Gobierno de la provincia de Buenos Aires y, autoridades de doce agencias de Naciones Unidas.<\/p>\n<p>Los proyectos realizados por las agencias de la ONU en coordinaci\u00f3n con el Gobierno provincial, los gobiernos municipales y organizaciones de la sociedad civil apuntan a fortalecer el desarrollo sostenible desde un abordaje integral, contemplando dimensiones claves como la cuesti\u00f3n ambiental y clim\u00e1tica, la salud, la igualdad de g\u00e9nero, la educaci\u00f3n, el fin de la pobreza y el hambre y la reducci\u00f3n de la desigualdad.<\/p>\n<p>En la reuni\u00f3n participaron, junto a la Coordinadora residente, representantes de la Organizaci\u00f3n de las Naciones Unidas para la Educaci\u00f3n, la Ciencia y la Cultura (UNESCO), el Fondo de las Naciones Unidas para la Infancia (UNICEF), la Organizaci\u00f3n Panamericana de la Salud (OPS).<\/p>\n<p>Adem\u00e1s se sumaron representantes de la Organizaci\u00f3n Internacional del Trabajo (OIT), el Programa Conjunto de las Naciones Unidas sobre VIH\/SIDA (ONU-SIDA), la Comisi\u00f3n Econ\u00f3mica para Am\u00e9rica Latina y el Caribe (CEPAL), el Programa de las Naciones Unidas para el Desarrollo (PNUD), la Entidad de las Naciones Unidas para la Igualdad de G\u00e9nero y el Empoderamiento de las Mujeres (ONU Mujeres), entre otros organismos.<\/p>\n<p>Por su parte, la delegaci\u00f3n de la Provincia incluy\u00f3 al ministro de Salud, Nicol\u00e1s Kreplak, la ministra de H\u00e1bitat y Desarrollo Urbano, Silvina Batakis, la directora ejecutiva del Organismo Provincial de Integraci\u00f3n Social y Urbana (OPISU), Romina Barrios, el subsecretario de Educaci\u00f3n, Pablo Urquiza, el subsecretario de Relaciones Internacionales, Juan Manuel Pad\u00edn, y autoridades de los ministerios de Desarrollo de la Comunidad, Trabajo, Mujeres y Diversidad, Desarrollo Agrario, Seguridad y Ambiente.<\/p>\n<p>Tanto las autoridades de la Provincia como de la ONU expusieron las l\u00edneas de trabajo de sus respectivas \u00e1reas y exploraron posibilidades de cooperaci\u00f3n en cada una de ellas.<\/p>\n<p>Durante la apertura del encuentro, el ministro Bianco realiz\u00f3 una caracterizaci\u00f3n de la coyuntura internacional, nacional y provincial, y a continuaci\u00f3n a\u00f1adi\u00f3: \u201cPara abordar los desaf\u00edos comunes que enfrentamos a nivel global es indispensable robustecer la cooperaci\u00f3n multilateral. En ese sentido, valoramos enormemente el trabajo que desarrollan las distintas agencias de la ONU en el territorio bonaerense, que nos permite potenciar d\u00eda a d\u00eda los esfuerzos que realizamos para que las pol\u00edticas p\u00fablicas que desplegamos en la provincia mejoren las condiciones de vida de nuestro pueblo\u201d.<\/p>\n<p>A su turno, Claudia Mojica afirm\u00f3: \u201cEl trabajo con la Provincia de Buenos Aires ha sido y es una l\u00ednea prioritaria de la actividad que la ONU desarrolla en el pa\u00eds, por su importancia, el tama\u00f1o de su poblaci\u00f3n y los desaf\u00edos que se plantean en su territorio. Le damos un especial valor a este trabajo y ponemos a disposici\u00f3n la experticia de nuestras agencias y de todo el equipo de la ONU para profundizarlo\u00bb<\/p>\n<p>Asimismo, la Coordinadora expres\u00f3 las condolencias y la solidaridad de la ONU Argentina en relaci\u00f3n a las consecuencias del temporal y la inundaci\u00f3n de Bah\u00eda Blanca, y sostuvo que a las l\u00edneas de acci\u00f3n en las que se ven\u00eda trabajando desde distintas agencias se agrega este nuevo desaf\u00edo<strong>(VW)<\/strong>.<\/p>\n","protected":false},"excerpt":{"rendered":"<p>En un encuentro encabezado por el ministro de Gobierno, Carlos Bianco, y la coordinadora residente de la ONU en Argentina, Claudia Mojica, se expusieron l\u00edneas de trabajo para profundizar la colaboraci\u00f3n en distintas \u00e1reas.<\/p>\n","protected":false},"author":3,"featured_media":17853,"comment_status":"closed","ping_status":"closed","sticky":false,"template":"","format":"standard","meta":{"_monsterinsights_skip_tracking":false,"_monsterinsights_sitenote_active":false,"_monsterinsights_sitenote_note":"","_monsterinsights_sitenote_category":0,"footnotes":""},"categories":[8,5],"tags":[7595,220,356],"class_list":["post-17852","post","type-post","status-publish","format-standard","has-post-thumbnail","hentry","category-interes-general","category-sociedad","tag-delegaciones","tag-onu","tag-provincia"],"_links":{"self":[{"href":"https:\/\/www.visionweb.com.ar\/index.php?rest_route=\/wp\/v2\/posts\/17852","targetHints":{"allow":["GET"]}}],"collection":[{"href":"https:\/\/www.visionweb.com.ar\/index.php?rest_route=\/wp\/v2\/posts"}],"about":[{"href":"https:\/\/www.visionweb.com.ar\/index.php?rest_route=\/wp\/v2\/types\/post"}],"author":[{"embeddable":true,"href":"https:\/\/www.visionweb.com.ar\/index.php?rest_route=\/wp\/v2\/users\/3"}],"replies":[{"embeddable":true,"href":"https:\/\/www.visionweb.com.ar\/index.php?rest_route=%2Fwp%2Fv2%2Fcomments&post=17852"}],"version-history":[{"count":1,"href":"https:\/\/www.visionweb.com.ar\/index.php?rest_route=\/wp\/v2\/posts\/17852\/revisions"}],"predecessor-version":[{"id":17854,"href":"https:\/\/www.visionweb.com.ar\/index.php?rest_route=\/wp\/v2\/posts\/17852\/revisions\/17854"}],"wp:featuredmedia":[{"embeddable":true,"href":"https:\/\/www.visionweb.com.ar\/index.php?rest_route=\/wp\/v2\/media\/17853"}],"wp:attachment":[{"href":"https:\/\/www.visionweb.com.ar\/index.php?rest_route=%2Fwp%2Fv2%2Fmedia&parent=17852"}],"wp:term":[{"taxonomy":"category","embeddable":true,"href":"https:\/\/www.visionweb.com.ar\/index.php?rest_route=%2Fwp%2Fv2%2Fcategories&post=17852"},{"taxonomy":"post_tag","embeddable":true,"href":"https:\/\/www.visionweb.com.ar\/index.php?rest_route=%2Fwp%2Fv2%2Ftags&post=17852"}],"curies":[{"name":"wp","href":"https:\/\/api.w.org\/{rel}","templated":true}]}}