{"id":17847,"date":"2025-04-17T09:52:22","date_gmt":"2025-04-17T12:52:22","guid":{"rendered":"https:\/\/www.visionweb.com.ar\/?p=17847"},"modified":"2025-04-17T09:52:47","modified_gmt":"2025-04-17T12:52:47","slug":"dos-detenidos-y-cinco-heridos-en-la-protesta-de-los-jubilados","status":"publish","type":"post","link":"https:\/\/www.visionweb.com.ar\/?p=17847","title":{"rendered":"Dos detenidos y cinco heridos en la protesta de los jubilados"},"content":{"rendered":"<p><em><strong>Organizaciones de jubilados y agrupaciones sociales repudiaron la represi\u00f3n y exigieron la inmediata liberaci\u00f3n de los detenidos.<\/strong><\/em><!--more--><\/p>\n<p><img loading=\"lazy\" decoding=\"async\" class=\"size-medium wp-image-17848 alignright\" src=\"https:\/\/www.visionweb.com.ar\/wp-content\/uploads\/2025\/04\/JUBILADOS-REPRESION-300x169.png\" alt=\"\" width=\"300\" height=\"169\" srcset=\"https:\/\/www.visionweb.com.ar\/wp-content\/uploads\/2025\/04\/JUBILADOS-REPRESION-300x169.png 300w, https:\/\/www.visionweb.com.ar\/wp-content\/uploads\/2025\/04\/JUBILADOS-REPRESION.png 640w\" sizes=\"auto, (max-width: 300px) 100vw, 300px\" \/>La Polic\u00eda Federal y la Gendarmer\u00eda reprimieron en la tarde del mi\u00e9rcoles a jubilados y pensionados que se movilizaron frente al Congreso de la Naci\u00f3n.<\/p>\n<p>La protesta, que forma parte de la tradicional marcha semanal, se realiz\u00f3 en rechazo a las pol\u00edticas de ajuste impulsadas por el Gobierno de Javier Milei y para exigir un aumento en los haberes jubilatorios y las pensiones. <strong>Dos personas fueron arrestadas y, al menos, hay cinco heridos<\/strong>.<\/p>\n<p>Durante la manifestaci\u00f3n, las fuerzas de seguridad avanzaron contra los manifestantes con gases y golpes, generando momentos de tensi\u00f3n y desconcierto.<\/p>\n<p>Como resultado del operativo, dos personas fueron arrestadas y, al menos, cinco manifestantes resultaron heridos, algunos de ellos de consideraci\u00f3n. Testigos denunciaron un accionar desmedido por parte de las fuerzas.<\/p>\n<p>Organizaciones de jubilados y agrupaciones sociales repudiaron la represi\u00f3n y exigieron la inmediata liberaci\u00f3n de los detenidos, adem\u00e1s de responsabilizar al Gobierno nacional por el uso de la fuerza contra una protesta pac\u00edfica.<\/p>\n<p>\u201cNo vamos a dejar de movilizarnos hasta que se respeten nuestros derechos\u201d, afirmaron voceros de los jubilados tras los hechos<strong>(VW)<\/strong><\/p>\n<p>&nbsp;<\/p>\n","protected":false},"excerpt":{"rendered":"<p>Organizaciones de jubilados y agrupaciones sociales repudiaron la represi\u00f3n y exigieron la inmediata liberaci\u00f3n de los detenidos.<\/p>\n","protected":false},"author":3,"featured_media":17848,"comment_status":"closed","ping_status":"closed","sticky":false,"template":"","format":"standard","meta":{"_monsterinsights_skip_tracking":false,"_monsterinsights_sitenote_active":false,"_monsterinsights_sitenote_note":"","_monsterinsights_sitenote_category":0,"footnotes":""},"categories":[8,5],"tags":[485,569,7594,6627],"class_list":["post-17847","post","type-post","status-publish","format-standard","has-post-thumbnail","hentry","category-interes-general","category-sociedad","tag-congreso","tag-jubilados","tag-protest","tag-represion"],"_links":{"self":[{"href":"https:\/\/www.visionweb.com.ar\/index.php?rest_route=\/wp\/v2\/posts\/17847","targetHints":{"allow":["GET"]}}],"collection":[{"href":"https:\/\/www.visionweb.com.ar\/index.php?rest_route=\/wp\/v2\/posts"}],"about":[{"href":"https:\/\/www.visionweb.com.ar\/index.php?rest_route=\/wp\/v2\/types\/post"}],"author":[{"embeddable":true,"href":"https:\/\/www.visionweb.com.ar\/index.php?rest_route=\/wp\/v2\/users\/3"}],"replies":[{"embeddable":true,"href":"https:\/\/www.visionweb.com.ar\/index.php?rest_route=%2Fwp%2Fv2%2Fcomments&post=17847"}],"version-history":[{"count":1,"href":"https:\/\/www.visionweb.com.ar\/index.php?rest_route=\/wp\/v2\/posts\/17847\/revisions"}],"predecessor-version":[{"id":17849,"href":"https:\/\/www.visionweb.com.ar\/index.php?rest_route=\/wp\/v2\/posts\/17847\/revisions\/17849"}],"wp:featuredmedia":[{"embeddable":true,"href":"https:\/\/www.visionweb.com.ar\/index.php?rest_route=\/wp\/v2\/media\/17848"}],"wp:attachment":[{"href":"https:\/\/www.visionweb.com.ar\/index.php?rest_route=%2Fwp%2Fv2%2Fmedia&parent=17847"}],"wp:term":[{"taxonomy":"category","embeddable":true,"href":"https:\/\/www.visionweb.com.ar\/index.php?rest_route=%2Fwp%2Fv2%2Fcategories&post=17847"},{"taxonomy":"post_tag","embeddable":true,"href":"https:\/\/www.visionweb.com.ar\/index.php?rest_route=%2Fwp%2Fv2%2Ftags&post=17847"}],"curies":[{"name":"wp","href":"https:\/\/api.w.org\/{rel}","templated":true}]}}