{"id":17845,"date":"2025-04-16T15:15:12","date_gmt":"2025-04-16T18:15:12","guid":{"rendered":"https:\/\/www.visionweb.com.ar\/?p=17845"},"modified":"2025-04-16T15:15:12","modified_gmt":"2025-04-16T18:15:12","slug":"ya-se-perdieron-mas-de-170-000-puestos-de-trabajo-registrados","status":"publish","type":"post","link":"https:\/\/www.visionweb.com.ar\/?p=17845","title":{"rendered":"Ya se perdieron m\u00e1s de 170.000 puestos de trabajo registrados"},"content":{"rendered":"<p><em><strong>Es desde que asumi\u00f3 Milei. Son datos oficiales de la Secretar\u00eda de Trabajo. En enero la ca\u00edda interrumpi\u00f3 el leve crecimiento que ven\u00eda registr\u00e1ndose desde agosto.<\/strong><\/em><!--more--><\/p>\n<p><img loading=\"lazy\" decoding=\"async\" class=\"size-full wp-image-1743 alignright\" src=\"https:\/\/www.visionweb.com.ar\/wp-content\/uploads\/2021\/05\/busco-trabajo-uca.bmp\" alt=\"\" width=\"498\" height=\"296\" \/> <strong>D<\/strong>e acuerdo a datos oficiales difundidos por la <strong>Secretar\u00eda de Trabajo<\/strong> y analizados por el Centro de Econom\u00eda Pol\u00edtica Argentina (<strong>CEPA<\/strong>),<strong> se perdieron en total 173.524\u00a0<\/strong>puestos de trabajo registrados en el sector privado, desde que <strong>Javier Milei<\/strong> asumi\u00f3 la presidencia.<\/p>\n<p>Los datos de enero de 2025, recientemente publicados, marcan que los trabajadores registrados son 12.853.789, una ca\u00edda mensual del 0,1 %\u00a0<strong>equivalente a 9,2 mil personas menos,\u00a0<\/strong>en su mayor\u00eda asalariados del sector privado.<\/p>\n<p>Es que el empleo asalariado registrado privado se redujo de 6.254.502 a 6.245.660 trabajadores:\u00a0<strong>son 8.842 personas menos,\u00a0<\/strong>\u201csiendo el principal factor detr\u00e1s de la reducci\u00f3n en el n\u00famero de personas con alg\u00fan trabajo formal\u201d, se\u00f1ala el Informe. De esta forma,\u00a0<strong>se interrumpi\u00f3 el leve crecimiento que ven\u00eda registr\u00e1ndose desde agosto<\/strong>.<\/p>\n<p>Con esta ca\u00edda, desde la asunci\u00f3n de la gesti\u00f3n libertaria,\u00a0<strong>se perdieron<\/strong>\u00a0en total <strong>173.524 puestos<\/strong> de trabajo asalariados registrados:\u00a0<strong>124.010 corresponden al sector privado y 49.514 al \u00e1mbito p\u00fablico<\/strong>.<\/p>\n<p>Con respecto a otras modalidades de trabajo registrado,\u00a0<strong>\u201cS\u00f3lo creci\u00f3 monotributo (+38.714)<\/strong>\u00a0pero lejos de compensar la p\u00e9rdida de asalariados privados (124.010), p\u00fablicos (49.514) o el trabajo en casas particulares (20.955)\u201d, indic\u00f3 el economista Hern\u00e1n Letcher.<\/p>\n<p>Tambi\u00e9n record\u00f3 que, <strong>en diciembre del a\u00f1o pasado, cay\u00f3 abruptamente el n\u00famero de monotributistas sociales<\/strong>, en el marco del reempadronamiento obligatorio impulsado por el Gobierno nacional y el incremento significativo de la cuota. <strong>(VW)<\/strong><\/p>\n<p>&nbsp;<\/p>\n","protected":false},"excerpt":{"rendered":"<p>Es desde que asumi\u00f3 Milei. Son datos oficiales de la Secretar\u00eda de Trabajo. En enero la ca\u00edda interrumpi\u00f3 el leve crecimiento que ven\u00eda registr\u00e1ndose desde agosto.<\/p>\n","protected":false},"author":4,"featured_media":1743,"comment_status":"closed","ping_status":"closed","sticky":false,"template":"","format":"standard","meta":{"_monsterinsights_skip_tracking":false,"_monsterinsights_sitenote_active":false,"_monsterinsights_sitenote_note":"","_monsterinsights_sitenote_category":0,"footnotes":""},"categories":[6,5],"tags":[122,7592,5373,7593],"class_list":["post-17845","post","type-post","status-publish","format-standard","has-post-thumbnail","hentry","category-economia","category-sociedad","tag-informe","tag-perdida-de-puestos-de-trabajo","tag-secretaria-de-trabajo","tag-trabajo-formal"],"_links":{"self":[{"href":"https:\/\/www.visionweb.com.ar\/index.php?rest_route=\/wp\/v2\/posts\/17845","targetHints":{"allow":["GET"]}}],"collection":[{"href":"https:\/\/www.visionweb.com.ar\/index.php?rest_route=\/wp\/v2\/posts"}],"about":[{"href":"https:\/\/www.visionweb.com.ar\/index.php?rest_route=\/wp\/v2\/types\/post"}],"author":[{"embeddable":true,"href":"https:\/\/www.visionweb.com.ar\/index.php?rest_route=\/wp\/v2\/users\/4"}],"replies":[{"embeddable":true,"href":"https:\/\/www.visionweb.com.ar\/index.php?rest_route=%2Fwp%2Fv2%2Fcomments&post=17845"}],"version-history":[{"count":1,"href":"https:\/\/www.visionweb.com.ar\/index.php?rest_route=\/wp\/v2\/posts\/17845\/revisions"}],"predecessor-version":[{"id":17846,"href":"https:\/\/www.visionweb.com.ar\/index.php?rest_route=\/wp\/v2\/posts\/17845\/revisions\/17846"}],"wp:featuredmedia":[{"embeddable":true,"href":"https:\/\/www.visionweb.com.ar\/index.php?rest_route=\/wp\/v2\/media\/1743"}],"wp:attachment":[{"href":"https:\/\/www.visionweb.com.ar\/index.php?rest_route=%2Fwp%2Fv2%2Fmedia&parent=17845"}],"wp:term":[{"taxonomy":"category","embeddable":true,"href":"https:\/\/www.visionweb.com.ar\/index.php?rest_route=%2Fwp%2Fv2%2Fcategories&post=17845"},{"taxonomy":"post_tag","embeddable":true,"href":"https:\/\/www.visionweb.com.ar\/index.php?rest_route=%2Fwp%2Fv2%2Ftags&post=17845"}],"curies":[{"name":"wp","href":"https:\/\/api.w.org\/{rel}","templated":true}]}}