{"id":17843,"date":"2025-04-16T14:56:12","date_gmt":"2025-04-16T17:56:12","guid":{"rendered":"https:\/\/www.visionweb.com.ar\/?p=17843"},"modified":"2025-04-17T09:55:57","modified_gmt":"2025-04-17T12:55:57","slug":"el-42-de-los-trabajadores-en-la-informalidad","status":"publish","type":"post","link":"https:\/\/www.visionweb.com.ar\/?p=17843","title":{"rendered":"El 42% de los trabajadores en la informalidad"},"content":{"rendered":"<p><em><strong>Es un informe difundido por el INDEC, que tambi\u00e9n alert\u00f3 que las mujeres son las m\u00e1s perjudicadas. El reporte corresponde al \u00faltimo cuatrimestre de 2024, en la comparaci\u00f3n con el 2023.<\/strong><\/em><!--more--><\/p>\n<p><strong>\u00a0 <img loading=\"lazy\" decoding=\"async\" class=\"size-full wp-image-6532 alignright\" src=\"https:\/\/www.visionweb.com.ar\/wp-content\/uploads\/2022\/07\/construccion-2.bmp\" alt=\"\" width=\"567\" height=\"379\" \/>\u00a0\u00a0\u00a0 E<\/strong>l <strong>Instituto Nacional de Estad\u00edstica y Censos (INDEC)<\/strong> advirti\u00f3 en un informe, que <strong>el 42 por ciento de los trabajadores se encuentran en la informalidad<\/strong>. La problem\u00e1tica afecta m\u00e1s a las mujeres.<\/p>\n<p>El relevamiento se realiz\u00f3 a partir de encuestas en 31 conglomerados urbanos, que contempla unos 13,6 millones de personas ocupadas. De ese total, el 42 % de los trabajadores est\u00e1n en la informalidad.<\/p>\n<p>El dato responde al \u00faltimo cuatrimestre de 2024, en la comparaci\u00f3n con el 2023. <strong>Es la primera vez que se difunde un informe de estas caracter\u00edsticas<\/strong>.<\/p>\n<p><strong>La problem\u00e1tica afecta m\u00e1s a las mujeres<\/strong>, tema que se ven\u00eda advirtiendo desde los <strong>organismos de g\u00e9nero<\/strong>.<\/p>\n<p><strong>El 43,4 por ciento de las mujeres trabajadoras est\u00e1n en la informalidad<\/strong>. El INDEC hace una diferenciaci\u00f3n etaria y se\u00f1ala que hasta 29 a\u00f1os afecta al 59,7 %; de 30 a 64 a\u00f1os, 37,9 %; 65 a\u00f1os y m\u00e1s, 56,4 %.<\/p>\n<p><strong>Ese primer dato de los varones se reduce al 40,9\u00a0<\/strong>por ciento. En detalle, el informe se\u00f1ala que hasta 29 a\u00f1os, 57,9 %; de 30 a 64 a\u00f1os, 35,4 %; 65 a\u00f1os y m\u00e1s, 45,3 %.<\/p>\n<p>Vale remarcar que el 62 por ciento de los <strong>monotributistas trabajan en relaci\u00f3n de dependencia encubierta<\/strong>.<\/p>\n<p>Vale mencionar que\u00a0<strong>servicio dom\u00e9stico y construcci\u00f3n encabezan el ranking de informalidad, con altos \u00edndices de trabajadores informales en sus filas.<\/strong><\/p>\n<p>Incluso en la administraci\u00f3n p\u00fablica se da esta situaci\u00f3n y es algo que justamente ATE toma para denunciar los\u00a0despidos de la administraci\u00f3n de Javier Milei, que <strong>el Gobierno entiende como finalizaci\u00f3n de contratos<\/strong>. <strong>(VW)<\/strong><\/p>\n","protected":false},"excerpt":{"rendered":"<p>Es un informe difundido por el INDEC, que tambi\u00e9n alert\u00f3 que las mujeres son las m\u00e1s perjudicadas. El reporte corresponde al \u00faltimo cuatrimestre de 2024, en la comparaci\u00f3n con el 2023.<\/p>\n","protected":false},"author":4,"featured_media":6532,"comment_status":"closed","ping_status":"closed","sticky":false,"template":"","format":"standard","meta":{"_monsterinsights_skip_tracking":false,"_monsterinsights_sitenote_active":false,"_monsterinsights_sitenote_note":"","_monsterinsights_sitenote_category":0,"footnotes":""},"categories":[6,5],"tags":[7591,7590],"class_list":["post-17843","post","type-post","status-publish","format-standard","has-post-thumbnail","hentry","category-economia","category-sociedad","tag-informe-del-indec","tag-trabajos-en-la-informalidad"],"_links":{"self":[{"href":"https:\/\/www.visionweb.com.ar\/index.php?rest_route=\/wp\/v2\/posts\/17843","targetHints":{"allow":["GET"]}}],"collection":[{"href":"https:\/\/www.visionweb.com.ar\/index.php?rest_route=\/wp\/v2\/posts"}],"about":[{"href":"https:\/\/www.visionweb.com.ar\/index.php?rest_route=\/wp\/v2\/types\/post"}],"author":[{"embeddable":true,"href":"https:\/\/www.visionweb.com.ar\/index.php?rest_route=\/wp\/v2\/users\/4"}],"replies":[{"embeddable":true,"href":"https:\/\/www.visionweb.com.ar\/index.php?rest_route=%2Fwp%2Fv2%2Fcomments&post=17843"}],"version-history":[{"count":3,"href":"https:\/\/www.visionweb.com.ar\/index.php?rest_route=\/wp\/v2\/posts\/17843\/revisions"}],"predecessor-version":[{"id":17851,"href":"https:\/\/www.visionweb.com.ar\/index.php?rest_route=\/wp\/v2\/posts\/17843\/revisions\/17851"}],"wp:featuredmedia":[{"embeddable":true,"href":"https:\/\/www.visionweb.com.ar\/index.php?rest_route=\/wp\/v2\/media\/6532"}],"wp:attachment":[{"href":"https:\/\/www.visionweb.com.ar\/index.php?rest_route=%2Fwp%2Fv2%2Fmedia&parent=17843"}],"wp:term":[{"taxonomy":"category","embeddable":true,"href":"https:\/\/www.visionweb.com.ar\/index.php?rest_route=%2Fwp%2Fv2%2Fcategories&post=17843"},{"taxonomy":"post_tag","embeddable":true,"href":"https:\/\/www.visionweb.com.ar\/index.php?rest_route=%2Fwp%2Fv2%2Ftags&post=17843"}],"curies":[{"name":"wp","href":"https:\/\/api.w.org\/{rel}","templated":true}]}}