{"id":17841,"date":"2025-04-16T14:34:07","date_gmt":"2025-04-16T17:34:07","guid":{"rendered":"https:\/\/www.visionweb.com.ar\/?p=17841"},"modified":"2025-04-16T14:34:07","modified_gmt":"2025-04-16T17:34:07","slug":"el-consumo-continua-en-retroceso","status":"publish","type":"post","link":"https:\/\/www.visionweb.com.ar\/?p=17841","title":{"rendered":"El consumo contin\u00faa en retroceso"},"content":{"rendered":"<p><em><strong>En marzo hubo una ca\u00edda del 5,4 % en el consumo y acumula un retroceso del 8,6 %, de acuerdo a un informe privado. Tanto supermercados como autoservicios siguen con retracci\u00f3n en las ventas.<\/strong><\/em><!--more--><\/p>\n<p><strong>\u00a0 <img loading=\"lazy\" decoding=\"async\" class=\"size-medium wp-image-17140 alignright\" src=\"https:\/\/www.visionweb.com.ar\/wp-content\/uploads\/2025\/02\/SUPERMERCADISMO-300x200.png\" alt=\"\" width=\"300\" height=\"200\" srcset=\"https:\/\/www.visionweb.com.ar\/wp-content\/uploads\/2025\/02\/SUPERMERCADISMO-300x200.png 300w, https:\/\/www.visionweb.com.ar\/wp-content\/uploads\/2025\/02\/SUPERMERCADISMO.png 640w\" sizes=\"auto, (max-width: 300px) 100vw, 300px\" \/>\u00a0\u00a0\u00a0\u00a0 E<\/strong>l<strong> consumo masivo en supermercados y autoservicios cay\u00f3 en marzo un 5,4 % interanual\u00a0<\/strong>y acumula un retroceso del 8,6 % en el primer trimestre de 2025, seg\u00fan revel\u00f3 un informe de la consultora <strong>Scentia<\/strong>.<\/p>\n<p>El relevamiento reflej\u00f3 que\u00a0<strong>el derrumbe en las ventas fue mayor en las cadenas de supermercados, ya que tuvieron una merma del 7,1 %<\/strong>\u00a0en el tercer mes del a\u00f1o, mientras que en los comercios de barrio la ca\u00edda alcanz\u00f3 el 3,7 %.<\/p>\n<p>Al comparar la din\u00e1mica del consumo en el \u00c1rea Metropolitana de Buenos Aires (AMBA) y en el interior del pa\u00eds,\u00a0<strong>se observa que en los comercios de cercan\u00eda el descenso en las ventas fue menor en la regi\u00f3n metropolitana al caer un 3,1 % interanual<\/strong>, mientras en el resto del territorio nacional la baja fue del 4,1 %.<\/p>\n<p>En el caso de las grandes cadenas, se produjo el escenario inverso en marzo, ya que\u00a0<strong>en el AMBA la ca\u00edda trep\u00f3 al 7,4 % interanual, mientras que en el interior del pa\u00eds la merma alcanz\u00f3 el 6,8 %.<\/strong><\/p>\n<p><strong>Asimismo, en la comparaci\u00f3n trimestral, el consumo en supermercados y almacenes de manera conjunta exhibi\u00f3\u00a0una ca\u00edda m\u00e1s profunda en el AMBA (-9,4 %) que en el interior (-8 %)<\/strong>\u00a0respecto al comportamiento registrado en el mismo periodo del 2024.<\/p>\n<p>En los sectores analizados la ca\u00edda el mes pasado fue generalizada. El mayor retroceso se dio en Bebidas con alcohol (-18 %), seguido de Bebidas sin alcohol (-16 %) y de Impulsivos (-15,6 %). Por detr\u00e1s aparecen los descensos en el consumo de los rubros Higiene y cosm\u00e9tica (-3,3 %), Limpieza de ropa y hogar (-2 %), y Desayuno y merienda (-1,5 %).\u00a0<strong>(VW)<\/strong><\/p>\n<p>&nbsp;<\/p>\n","protected":false},"excerpt":{"rendered":"<p>En marzo hubo una ca\u00edda del 5,4 % en el consumo y acumula un retroceso del 8,6 %, de acuerdo a un informe privado. Tanto supermercados como autoservicios siguen con retracci\u00f3n en las ventas.<\/p>\n","protected":false},"author":4,"featured_media":17140,"comment_status":"closed","ping_status":"closed","sticky":false,"template":"","format":"standard","meta":{"_monsterinsights_skip_tracking":false,"_monsterinsights_sitenote_active":false,"_monsterinsights_sitenote_note":"","_monsterinsights_sitenote_category":0,"footnotes":""},"categories":[6],"tags":[7589,122,4447,758],"class_list":["post-17841","post","type-post","status-publish","format-standard","has-post-thumbnail","hentry","category-economia","tag-consumo-en-caida","tag-informe","tag-scentia","tag-ventas"],"_links":{"self":[{"href":"https:\/\/www.visionweb.com.ar\/index.php?rest_route=\/wp\/v2\/posts\/17841","targetHints":{"allow":["GET"]}}],"collection":[{"href":"https:\/\/www.visionweb.com.ar\/index.php?rest_route=\/wp\/v2\/posts"}],"about":[{"href":"https:\/\/www.visionweb.com.ar\/index.php?rest_route=\/wp\/v2\/types\/post"}],"author":[{"embeddable":true,"href":"https:\/\/www.visionweb.com.ar\/index.php?rest_route=\/wp\/v2\/users\/4"}],"replies":[{"embeddable":true,"href":"https:\/\/www.visionweb.com.ar\/index.php?rest_route=%2Fwp%2Fv2%2Fcomments&post=17841"}],"version-history":[{"count":1,"href":"https:\/\/www.visionweb.com.ar\/index.php?rest_route=\/wp\/v2\/posts\/17841\/revisions"}],"predecessor-version":[{"id":17842,"href":"https:\/\/www.visionweb.com.ar\/index.php?rest_route=\/wp\/v2\/posts\/17841\/revisions\/17842"}],"wp:featuredmedia":[{"embeddable":true,"href":"https:\/\/www.visionweb.com.ar\/index.php?rest_route=\/wp\/v2\/media\/17140"}],"wp:attachment":[{"href":"https:\/\/www.visionweb.com.ar\/index.php?rest_route=%2Fwp%2Fv2%2Fmedia&parent=17841"}],"wp:term":[{"taxonomy":"category","embeddable":true,"href":"https:\/\/www.visionweb.com.ar\/index.php?rest_route=%2Fwp%2Fv2%2Fcategories&post=17841"},{"taxonomy":"post_tag","embeddable":true,"href":"https:\/\/www.visionweb.com.ar\/index.php?rest_route=%2Fwp%2Fv2%2Ftags&post=17841"}],"curies":[{"name":"wp","href":"https:\/\/api.w.org\/{rel}","templated":true}]}}