{"id":17839,"date":"2025-04-16T14:00:04","date_gmt":"2025-04-16T17:00:04","guid":{"rendered":"https:\/\/www.visionweb.com.ar\/?p=17839"},"modified":"2025-04-16T14:00:04","modified_gmt":"2025-04-16T17:00:04","slug":"semana-de-paros-con-movilizaciones-de-docentes-universitarios","status":"publish","type":"post","link":"https:\/\/www.visionweb.com.ar\/?p=17839","title":{"rendered":"Semana de paros con movilizaciones de docentes universitarios"},"content":{"rendered":"<p><strong><em>Ser\u00e1n entre el martes 22 y mi\u00e9rcoles 23. Y ya hablan de otra marcha para la segunda quincena de mayo.<\/em> <em>\u201cLa inflaci\u00f3n nos manda m\u00e1s al fondo\u201d, dijo Carlos De Feo.<\/em><\/strong><!--more--><\/p>\n<p><img loading=\"lazy\" decoding=\"async\" class=\"size-medium wp-image-17511 alignright\" src=\"https:\/\/www.visionweb.com.ar\/wp-content\/uploads\/2025\/03\/UNIVERSIDADES-300x169.png\" alt=\"\" width=\"300\" height=\"169\" srcset=\"https:\/\/www.visionweb.com.ar\/wp-content\/uploads\/2025\/03\/UNIVERSIDADES-300x169.png 300w, https:\/\/www.visionweb.com.ar\/wp-content\/uploads\/2025\/03\/UNIVERSIDADES.png 640w\" sizes=\"auto, (max-width: 300px) 100vw, 300px\" \/>\u00a0\u00a0\u00a0 <strong>L<\/strong>os <strong>docentes universitarios<\/strong> definieron un <strong>plan de fuerza<\/strong> para la pr\u00f3xima semana, con paros y movilizaciones, por parte de la <strong>Conadu<\/strong> y la <strong>Conadu Hist\u00f3rica<\/strong>, en torno al reclamo por mejoras salariales y ante la aceleraci\u00f3n de la inflaci\u00f3n.<\/p>\n<p>Por un lado, la <strong>Federaci\u00f3n Nacional de Docentes Universitarios (Conadu)<\/strong>, defini\u00f3 para el martes 22 una jornada de protesta y visibilizaci\u00f3n, que puede incluir clases en la calle, mientras que el <strong>mi\u00e9rcoles 23 har\u00e1 un paro con movilizaci\u00f3n<\/strong>.<\/p>\n<p>Mientras que, la otra organizaci\u00f3n a nivel nacional, la <strong>Conadu Hist\u00f3rica<\/strong>, anunci\u00f3 una <strong>huelga de 48 horas para martes y mi\u00e9rcoles<\/strong>, por lo que las clases en gran parte de las casas de estudios del pa\u00eds se ver\u00e1n resentidas.<\/p>\n<p>Adem\u00e1s, desde la <strong>Conadu <\/strong>se consensu\u00f3 adherir al acto convocado por la CGT previsto para el 30 de abril y proponer la organizaci\u00f3n de una <strong>nueva marcha federal universitaria para\u00a0la segunda quincena de mayo<\/strong>.<\/p>\n<p>\u201c<strong>La inflaci\u00f3n nos manda m\u00e1s al fondo<\/strong>. La situaci\u00f3n salarial se vuelve insostenible, y especialmente a las universidades peque\u00f1as y medianas del pa\u00eds les espera un panorama todav\u00eda m\u00e1s oscuro para el segundo semestre. No hay plata para llegar a fin de a\u00f1o con cierta normalidad en el desarrollo de las tareas acad\u00e9micas y de investigaci\u00f3n\u201d, declar\u00f3 el secretario General de la federaci\u00f3n,\u00a0Carlos De Feo.<\/p>\n<p>Por su parte, desde la\u00a0Conadu Hist\u00f3rica, que parar\u00e1 por 48 horas, indicaron que en marzo los sueldos universitarios recibieron \u201cun 0% de aumento\u201d. Y en un comunicado agregaron: \u201cEl salario de la docencia de las universidades nacionales sigue en picada. Mientras la inflaci\u00f3n acumulada llega a 197% (desde que asumi\u00f3 Milei), la actualizaci\u00f3n salarial fue del 68% al 86%\u201d. <strong>(VW)<\/strong><\/p>\n<p>&nbsp;<\/p>\n","protected":false},"excerpt":{"rendered":"<p>Ser\u00e1n entre el martes 22 y mi\u00e9rcoles 23. Y ya hablan de otra marcha para la segunda quincena de mayo. \u201cLa inflaci\u00f3n nos manda m\u00e1s al fondo\u201d, dijo Carlos De Feo.<\/p>\n","protected":false},"author":4,"featured_media":17511,"comment_status":"closed","ping_status":"closed","sticky":false,"template":"","format":"standard","meta":{"_monsterinsights_skip_tracking":false,"_monsterinsights_sitenote_active":false,"_monsterinsights_sitenote_note":"","_monsterinsights_sitenote_category":0,"footnotes":""},"categories":[4,5],"tags":[5142,2833,7588,252],"class_list":["post-17839","post","type-post","status-publish","format-standard","has-post-thumbnail","hentry","category-politica","category-sociedad","tag-conadu","tag-conadu-historica","tag-docentes-universitarios","tag-paro"],"_links":{"self":[{"href":"https:\/\/www.visionweb.com.ar\/index.php?rest_route=\/wp\/v2\/posts\/17839","targetHints":{"allow":["GET"]}}],"collection":[{"href":"https:\/\/www.visionweb.com.ar\/index.php?rest_route=\/wp\/v2\/posts"}],"about":[{"href":"https:\/\/www.visionweb.com.ar\/index.php?rest_route=\/wp\/v2\/types\/post"}],"author":[{"embeddable":true,"href":"https:\/\/www.visionweb.com.ar\/index.php?rest_route=\/wp\/v2\/users\/4"}],"replies":[{"embeddable":true,"href":"https:\/\/www.visionweb.com.ar\/index.php?rest_route=%2Fwp%2Fv2%2Fcomments&post=17839"}],"version-history":[{"count":1,"href":"https:\/\/www.visionweb.com.ar\/index.php?rest_route=\/wp\/v2\/posts\/17839\/revisions"}],"predecessor-version":[{"id":17840,"href":"https:\/\/www.visionweb.com.ar\/index.php?rest_route=\/wp\/v2\/posts\/17839\/revisions\/17840"}],"wp:featuredmedia":[{"embeddable":true,"href":"https:\/\/www.visionweb.com.ar\/index.php?rest_route=\/wp\/v2\/media\/17511"}],"wp:attachment":[{"href":"https:\/\/www.visionweb.com.ar\/index.php?rest_route=%2Fwp%2Fv2%2Fmedia&parent=17839"}],"wp:term":[{"taxonomy":"category","embeddable":true,"href":"https:\/\/www.visionweb.com.ar\/index.php?rest_route=%2Fwp%2Fv2%2Fcategories&post=17839"},{"taxonomy":"post_tag","embeddable":true,"href":"https:\/\/www.visionweb.com.ar\/index.php?rest_route=%2Fwp%2Fv2%2Ftags&post=17839"}],"curies":[{"name":"wp","href":"https:\/\/api.w.org\/{rel}","templated":true}]}}