{"id":17835,"date":"2025-04-16T09:29:23","date_gmt":"2025-04-16T12:29:23","guid":{"rendered":"https:\/\/www.visionweb.com.ar\/?p=17835"},"modified":"2025-04-16T09:29:23","modified_gmt":"2025-04-16T12:29:23","slug":"el-senado-bonaerense-aprobo-la-suspension-de-las-paso-en-la-provincia-de-buenos-aires","status":"publish","type":"post","link":"https:\/\/www.visionweb.com.ar\/?p=17835","title":{"rendered":"El Senado bonaerense aprob\u00f3 la suspensi\u00f3n de las paso en la provincia de Buenos Aires"},"content":{"rendered":"<p><em><strong>Con esta medida, la convocatoria prevista para el 13 de julio quedar\u00eda sin efecto, siempre y cuando la c\u00e1mara de diputados provincial tambi\u00e9n apruebe la suspensi\u00f3n.<\/strong><\/em><!--more--><\/p>\n<p><img loading=\"lazy\" decoding=\"async\" class=\"size-full wp-image-10633 alignright\" src=\"https:\/\/www.visionweb.com.ar\/wp-content\/uploads\/2023\/05\/elecciones.png\" alt=\"\" width=\"240\" height=\"135\" \/>El\u00a0<strong>Senado<\/strong>\u00a0de la provincia de Buenos Aires aprob\u00f3 este martes el proyecto impulsado por el gobernador Axel Kicillof para suspender las elecciones\u00a0<strong>Primarias, Abiertas, Simult\u00e1neas y Obligatorias (PASO)<\/strong>\u00a0en el \u00e1mbito provincial. La iniciativa recibi\u00f3 el respaldo de m\u00e1s de dos tercios de los senadores, incluyendo a la mayor\u00eda kirchnerista, el massismo y sectores de la oposici\u00f3n.<\/p>\n<p>Con esta medida,\u00a0<strong>la convocatoria prevista para el 13 de julio quedar\u00eda sin efecto<\/strong>, siempre y cuando la C\u00e1mara de Diputados provincial tambi\u00e9n apruebe la suspensi\u00f3n. De ser as\u00ed,\u00a0<strong>se establecer\u00eda un calendario electoral con elecciones provinciales el 7 de septiembre y comicios nacionales el 26 de octubre.<\/strong><\/p>\n<p>La senadora Teresa Garc\u00eda, presidenta del bloque Uni\u00f3n por la Patria y autora de un proyecto alternativo que propon\u00eda elecciones concurrentes con las nacionales, expres\u00f3 su apoyo a la propuesta del gobernador. Destac\u00f3 que la decisi\u00f3n se tom\u00f3 en l\u00ednea con la postura de la presidenta del Partido Justicialista, Cristina Fern\u00e1ndez de Kirchner, quien, aunque consider\u00f3 que desdoblar las elecciones era un \u201cerror\u201d,\u00a0<strong>opt\u00f3 por respaldar la estrategia de Kicillof para fortalecer al peronismo en la provincia.<\/strong><\/p>\n<p>Desde el bloque del PRO, el senador Cristian Gribaudo manifest\u00f3 su conformidad con la suspensi\u00f3n de las PASO en el Senado y expres\u00f3 su esperanza de que no se produzcan m\u00e1s modificaciones en el calendario electoral<strong>(VW)<\/strong>.<\/p>\n","protected":false},"excerpt":{"rendered":"<p>Con esta medida, la convocatoria prevista para el 13 de julio quedar\u00eda sin efecto, siempre y cuando la c\u00e1mara de diputados provincial tambi\u00e9n apruebe la suspensi\u00f3n.<\/p>\n","protected":false},"author":3,"featured_media":10633,"comment_status":"closed","ping_status":"closed","sticky":false,"template":"","format":"standard","meta":{"_monsterinsights_skip_tracking":false,"_monsterinsights_sitenote_active":false,"_monsterinsights_sitenote_note":"","_monsterinsights_sitenote_category":0,"footnotes":""},"categories":[4],"tags":[],"class_list":["post-17835","post","type-post","status-publish","format-standard","has-post-thumbnail","hentry","category-politica"],"_links":{"self":[{"href":"https:\/\/www.visionweb.com.ar\/index.php?rest_route=\/wp\/v2\/posts\/17835","targetHints":{"allow":["GET"]}}],"collection":[{"href":"https:\/\/www.visionweb.com.ar\/index.php?rest_route=\/wp\/v2\/posts"}],"about":[{"href":"https:\/\/www.visionweb.com.ar\/index.php?rest_route=\/wp\/v2\/types\/post"}],"author":[{"embeddable":true,"href":"https:\/\/www.visionweb.com.ar\/index.php?rest_route=\/wp\/v2\/users\/3"}],"replies":[{"embeddable":true,"href":"https:\/\/www.visionweb.com.ar\/index.php?rest_route=%2Fwp%2Fv2%2Fcomments&post=17835"}],"version-history":[{"count":1,"href":"https:\/\/www.visionweb.com.ar\/index.php?rest_route=\/wp\/v2\/posts\/17835\/revisions"}],"predecessor-version":[{"id":17836,"href":"https:\/\/www.visionweb.com.ar\/index.php?rest_route=\/wp\/v2\/posts\/17835\/revisions\/17836"}],"wp:featuredmedia":[{"embeddable":true,"href":"https:\/\/www.visionweb.com.ar\/index.php?rest_route=\/wp\/v2\/media\/10633"}],"wp:attachment":[{"href":"https:\/\/www.visionweb.com.ar\/index.php?rest_route=%2Fwp%2Fv2%2Fmedia&parent=17835"}],"wp:term":[{"taxonomy":"category","embeddable":true,"href":"https:\/\/www.visionweb.com.ar\/index.php?rest_route=%2Fwp%2Fv2%2Fcategories&post=17835"},{"taxonomy":"post_tag","embeddable":true,"href":"https:\/\/www.visionweb.com.ar\/index.php?rest_route=%2Fwp%2Fv2%2Ftags&post=17835"}],"curies":[{"name":"wp","href":"https:\/\/api.w.org\/{rel}","templated":true}]}}