{"id":17832,"date":"2025-04-16T09:22:14","date_gmt":"2025-04-16T12:22:14","guid":{"rendered":"https:\/\/www.visionweb.com.ar\/?p=17832"},"modified":"2025-04-16T09:23:03","modified_gmt":"2025-04-16T12:23:03","slug":"la-ciudad-se-convoca-a-artistas-para-realizar-murales-que-reflejen-la-identidad-de-los-barrios","status":"publish","type":"post","link":"https:\/\/www.visionweb.com.ar\/?p=17832","title":{"rendered":"La Ciudad se convoca a artistas para realizar murales que reflejen la identidad de los barrios"},"content":{"rendered":"<p><em><strong>\u00abMi Barrio, Mi Mural\u00bb tiene como objetivo transformar espacios con intervenciones que expresen la identidad de los barrios, sus personajes e instituciones.<\/strong><\/em><!--more--><\/p>\n<p><img loading=\"lazy\" decoding=\"async\" class=\"size-medium wp-image-17833 alignright\" src=\"https:\/\/www.visionweb.com.ar\/wp-content\/uploads\/2025\/04\/CIUDAD-DE-MURALES-300x169.png\" alt=\"\" width=\"300\" height=\"169\" srcset=\"https:\/\/www.visionweb.com.ar\/wp-content\/uploads\/2025\/04\/CIUDAD-DE-MURALES-300x169.png 300w, https:\/\/www.visionweb.com.ar\/wp-content\/uploads\/2025\/04\/CIUDAD-DE-MURALES.png 640w\" sizes=\"auto, (max-width: 300px) 100vw, 300px\" \/>El Gobierno de la Ciudad presenta<strong>\u00a0Mi Barrio, Mi Mural<\/strong>, una iniciativa destinada a revitalizar el espacio p\u00fablico mediante intervenciones de arte urbano. Dirigida a artistas emergentes, la\u00a0<strong>convocatoria<\/strong>\u00a0invita a plasmar en murales la identidad y cultura de los barrios porte\u00f1os, sus personajes, instituciones o actividades que han quedado grabados en el inconsciente colectivo.<\/p>\n<p>Hay que destacar que esta pol\u00edtica p\u00fablica que viene realizando la Ciudad, resulta en la mejor estrategia para poner en valor distintos muros ubicados en bajo autopistas o lindantes con v\u00edas ferroviarias, ya que est\u00e1 comprobado que donde se pintan murales se reducen las incidencia de vandalizaci\u00f3n.<\/p>\n<p>Como ejemplos palpables se destacan la puesta en valor de distintos espacios durante 2024 en las comunas 4, 8 y 14. En 2025, el proyecto contin\u00faa con una convocatoria abierta organizada por la Secretar\u00eda de Gobierno y V\u00ednculo Ciudadano y el Ministerio de Cultura porte\u00f1o, que permitir\u00e1 a los seleccionados dejar su huella en la ciudad a trav\u00e9s de nuevas obras que mejoren y pongan en valor seis espacios ya definidos.<\/p>\n<p>\u201cLa propuesta busca transformar espacios p\u00fablicos poni\u00e9ndolos en valor con intervenciones art\u00edsticas que refuercen el sentido de pertenencia de los vecinos con sus barrios\u201d, destac\u00f3 C\u00e9sar Torres, secretario de Gobierno y V\u00ednculo Ciudadano. \u201cTrabajamos para lograr un entorno urbano m\u00e1s limpio y ordenado para todos, y en este caso el objetivo es recuperar muros que lindan con espacios verdes, plazoletas o paredones bajo nivel que han sido y son frecuentemente objeto de graffitis y pintadas\u201d, resalt\u00f3 el funcionario.<\/p>\n<p><strong>Bases y requisitos de la convocatoria<\/strong><\/p>\n<p>Pueden participar artistas mayores de 18 a\u00f1os residentes en la Ciudad de Buenos Aires que deseen presentar un proyecto mural\u00edstico que refleje la identidad de su barrio. La inscripci\u00f3n se realizar\u00e1 a trav\u00e9s del sistema de\u00a0<a href=\"https:\/\/login.buenosaires.gob.ar\/auth\/realms\/miba\/protocol\/openid-connect\/auth?client_id=tad&amp;response_type=code&amp;scope=profileopenid+profile+email+login1+validation+contact+agip-tokens&amp;redirect_uri=https:\/\/tad.buenosaires.gob.ar\/tramitesadistancia\/miba\/ServletLogin?iniciarNuevoTramite=1826\">Tr\u00e1mites a Distancia (TAD)<\/a>, desde el 31 de marzo hasta el 30 de abril.<\/p>\n<p>Los interesados deber\u00e1n presentar una propuesta de mural con bocetos, fotograf\u00edas o referencias visuales (hasta cinco hojas), su portfolio creativo en formato PDF con antecedentes art\u00edsticos y documentaci\u00f3n que acredite su domicilio en CABA (DNI, pasaporte o certificado de residencia). Cada participante podr\u00e1 presentar una \u00fanica propuesta.<\/p>\n<p>Los artistas seleccionados recibir\u00e1n los materiales necesarios para la realizaci\u00f3n de sus murales, permiti\u00e9ndoles enfocarse completamente en la creaci\u00f3n art\u00edstica. Mi Barrio, Mi Mural seleccionar\u00e1 seis propuestas para ser plasmadas en distintos puntos de la Ciudad de las siguientes comunas y locaciones:<\/p>\n<ul>\n<li>Comuna 1: Cochabamba 262 (5,70 m de ancho y 3,30 m de alto).<\/li>\n<li>Comuna 3: Plazoleta Cariaga, Alberti 1350 (11,57 m de largo y 2,55 m de alto).<\/li>\n<li>Comuna 4: Tilcara y P\u00edo Mugica (7,30 m de ancho y 3,30 m de largo).<\/li>\n<li>Comuna 6: Patricias Argentinas 92 (5,55 m de ancho y 2,20 m de alto).<\/li>\n<li>Comuna 12: Av. Balb\u00edn y Goyeneche (5,38 m de ancho y 2,25 m de alto).<\/li>\n<li>Comuna 14: Plazoleta Hospital Fern\u00e1ndez, Bulnes 2677 (6,75 m de ancho y 2,10 m de alto).<\/li>\n<\/ul>\n<p>La convocatoria a muralistas es promovida por la Direcci\u00f3n General Competencias Comunales y Talleres, dependiente de la Secretar\u00eda de Gobierno y V\u00ednculo Ciudadano, y la Direcci\u00f3n General Desarrollo Cultural y Creativo, del Ministerio de Cultura de la Ciudad.<\/p>\n<p><strong>Algunas intervenciones realizadas en 2024<\/strong><\/p>\n<p>Los recientes antecedentes que proporcionan color a los barrios en la Ciudad tuvieron lugar en el segundo semestre de 2024 con el pintado de murales en los barrios de Pompeya, Lugano y Palermo. Se trata de obras que reflejan la historia y cultura de cada zona.<\/p>\n<p>\u201cEst\u00e1 comprobado que los murales no solo embellecen el paisaje urbano, sino que tambi\u00e9n reducen significativamente los actos de vandalismo. Las obras realizadas por artistas locales transforman el entorno urbano\u201d, se\u00f1al\u00f3 Luciano Mart\u00ednez, director general de Competencias Comunales y Talleres.<\/p>\n<p>En la Comuna 4, el muralista Emiliano Pi\u00f1eiro (Arteando) rindi\u00f3 homenaje a la tradici\u00f3n tanguera de Pompeya con una obra ubicada en la intersecci\u00f3n de las calles Del Barco de Centenera y la Avenida Francisco Fern\u00e1ndez de la Cruz. El mural conecta el legado cultural del barrio con la modernidad, convirti\u00e9ndolo en un puente visual entre el pasado y el presente.<\/p>\n<p>En la Comuna 8, los artistas Somos Cuore, Ice y Oveja MPC crearon un mural en la intersecci\u00f3n de la Avenida Teniente General Luis Dellepiane y Murguiondo. Con el t\u00edtulo \u201cCielo urbano\u201d, la obra transforma un paso bajo nivel con un cielo despejado en tonos azules que evoca la calma en medio del traj\u00edn.<\/p>\n<p>En la Comuna 14, el artista Pogo realiz\u00f3 un mural ubicado en Av. Juan B. Justo y Paraguay. La obra celebra el dinamismo del barrio con escenas urbanas ic\u00f3nicas como el Planetario y el Hip\u00f3dromo, reflejando la energ\u00eda y la vitalidad que caracterizan a Palermo.\u00a0<strong>(VW)<\/strong><\/p>\n","protected":false},"excerpt":{"rendered":"<p>\u00abMi Barrio, Mi Mural\u00bb tiene como objetivo transformar espacios con intervenciones que expresen la identidad de los barrios, sus personajes e instituciones.<\/p>\n","protected":false},"author":3,"featured_media":17833,"comment_status":"closed","ping_status":"closed","sticky":false,"template":"","format":"standard","meta":{"_monsterinsights_skip_tracking":false,"_monsterinsights_sitenote_active":false,"_monsterinsights_sitenote_note":"","_monsterinsights_sitenote_category":0,"footnotes":""},"categories":[7,5],"tags":[],"class_list":["post-17832","post","type-post","status-publish","format-standard","has-post-thumbnail","hentry","category-educacion-y-cultura","category-sociedad"],"_links":{"self":[{"href":"https:\/\/www.visionweb.com.ar\/index.php?rest_route=\/wp\/v2\/posts\/17832","targetHints":{"allow":["GET"]}}],"collection":[{"href":"https:\/\/www.visionweb.com.ar\/index.php?rest_route=\/wp\/v2\/posts"}],"about":[{"href":"https:\/\/www.visionweb.com.ar\/index.php?rest_route=\/wp\/v2\/types\/post"}],"author":[{"embeddable":true,"href":"https:\/\/www.visionweb.com.ar\/index.php?rest_route=\/wp\/v2\/users\/3"}],"replies":[{"embeddable":true,"href":"https:\/\/www.visionweb.com.ar\/index.php?rest_route=%2Fwp%2Fv2%2Fcomments&post=17832"}],"version-history":[{"count":1,"href":"https:\/\/www.visionweb.com.ar\/index.php?rest_route=\/wp\/v2\/posts\/17832\/revisions"}],"predecessor-version":[{"id":17834,"href":"https:\/\/www.visionweb.com.ar\/index.php?rest_route=\/wp\/v2\/posts\/17832\/revisions\/17834"}],"wp:featuredmedia":[{"embeddable":true,"href":"https:\/\/www.visionweb.com.ar\/index.php?rest_route=\/wp\/v2\/media\/17833"}],"wp:attachment":[{"href":"https:\/\/www.visionweb.com.ar\/index.php?rest_route=%2Fwp%2Fv2%2Fmedia&parent=17832"}],"wp:term":[{"taxonomy":"category","embeddable":true,"href":"https:\/\/www.visionweb.com.ar\/index.php?rest_route=%2Fwp%2Fv2%2Fcategories&post=17832"},{"taxonomy":"post_tag","embeddable":true,"href":"https:\/\/www.visionweb.com.ar\/index.php?rest_route=%2Fwp%2Fv2%2Ftags&post=17832"}],"curies":[{"name":"wp","href":"https:\/\/api.w.org\/{rel}","templated":true}]}}