{"id":17828,"date":"2025-04-16T09:02:35","date_gmt":"2025-04-16T12:02:35","guid":{"rendered":"https:\/\/www.visionweb.com.ar\/?p=17828"},"modified":"2025-04-16T09:03:01","modified_gmt":"2025-04-16T12:03:01","slug":"presentaron-un-proyecto-para-levantar-el-tope-a-la-reelecion-de-legisladores-en-provincia","status":"publish","type":"post","link":"https:\/\/www.visionweb.com.ar\/?p=17828","title":{"rendered":"Presentaron un proyecto para levantar el tope a la reeleci\u00f3n de legisladores en Provincia"},"content":{"rendered":"<p><em><strong>La inicaitiva excluye a los intendentes. Lo firmaron sendores peronistas ligados a intendentes y el kirchnersmo. El massimo y el kicillofismo no apoy\u00f3.<\/strong><\/em><!--more--><\/p>\n<p><img loading=\"lazy\" decoding=\"async\" class=\"size-medium wp-image-9783 alignright\" src=\"https:\/\/www.visionweb.com.ar\/wp-content\/uploads\/2023\/03\/AUTORIDADES-SENADO-BONAERENSE-300x200.png\" alt=\"\" width=\"300\" height=\"200\" srcset=\"https:\/\/www.visionweb.com.ar\/wp-content\/uploads\/2023\/03\/AUTORIDADES-SENADO-BONAERENSE-300x200.png 300w, https:\/\/www.visionweb.com.ar\/wp-content\/uploads\/2023\/03\/AUTORIDADES-SENADO-BONAERENSE.png 640w\" sizes=\"auto, (max-width: 300px) 100vw, 300px\" \/>Senadores de Uni\u00f3n por la Patria presentaron el martes <strong>un proyecto de Ley para eliminar el tope de las reelecciones de los legisladores<\/strong>, que este a\u00f1o impedir\u00eda a muchos intentar seguir en sus bancas, pero que no comprende a los intendentes, que tambi\u00e9n est\u00e1n sujetos a esta limitaci\u00f3n, que se aplicar\u00eda por primera vez este a\u00f1o.<\/p>\n<p>Seg\u00fan confirmaron a DIB fuentes del bloque,<strong>\u00a0la iniciativa lleva la firma de 12 senadores\u00a0<\/strong>vinculados a alcaldes conurbano, pero no obtuvo respaldos de la representante del massismo en la c\u00e1mara alta -Sof\u00eda Vanelli- ni tampoco los legisladores afines al gobernador\u00a0 Kicillof.<\/p>\n<p>\u201c<b>Modif\u00edquese el art\u00edculo 13 bis de la ley 5109 que quedar\u00e1 redactado de la siguiente manera: los diputados y senadores podr\u00e1n ser reelectos<\/b>\u201d, establece la iniciativa que lleva las firmas de los senadores Luis Vivona, Eduado Bucca, Emmanuel Gonz\u00e1lez Santalla, Teresa Garc\u00eda, Laura Klark, Mar\u00eda Elena Daffunchio, Daniela Viera, Amira Curi, Mar\u00eda Rosa Mart\u00ednez, Adri\u00e1n Santarelli, Walter Torchio y Gustavo Soos.<\/p>\n<p>As\u00ed redactado,\u00a0<strong>el proyecto permite a los legisladores que ya hayan cumplido con dos mandatos presentarse a uno m\u00e1s<\/strong>, contra lo que manda la legislaci\u00f3n vigente. Pero no incluye a los intendentes, varios de los cu\u00e1les tambi\u00e9n estar\u00e1n imposibilitados de reelegir, aunque en este caso en 2027.<\/p>\n<p><strong>La Ley 14.836, sancionada en 2016<\/strong>\u00a0por la Legislatura de la provincia de Buenos Aires, establece l\u00edmites a las reelecciones de intendentes, concejales, legisladores provinciales y consejeros escolares. Seg\u00fan esta norma, estos funcionarios pueden ser reelectos por un solo per\u00edodo consecutivo; para postularse nuevamente al mismo cargo, deben esperar un intervalo de al menos un mandato.<\/p>\n<p>En 2021, la Ley 15.315 modific\u00f3 la aplicaci\u00f3n de la Ley 14.836. E<strong>sta reforma determin\u00f3 que los mandatos iniciados en 2017 y 2019 se considerar\u00edan como el primer per\u00edodo a los efectos de la limitaci\u00f3n, permitiendo a los funcionarios reelectos en esos a\u00f1os presentarse nuevamente en 2023. Para los mandatos iniciados en 2021, se computar\u00e1 como primer per\u00edodo solo si no hubo un mandato inmediato anterior.<\/strong><\/p>\n<p>La Constituci\u00f3n de la provincia de Buenos Aires no establece l\u00edmites a las reelecciones para estos cargos; por lo tanto, la regulaci\u00f3n depende de la legislaci\u00f3n ordinaria y es por ello que a\u00f1o a a\u00f1o el tema sobrevuela<strong>(VW)<\/strong>.<\/p>\n","protected":false},"excerpt":{"rendered":"<p>La inicaitiva excluye a los intendentes. Lo firmaron sendores peronistas ligados a intendentes y el kirchnersmo. El massimo y el kicillofismo no apoy\u00f3.<\/p>\n","protected":false},"author":3,"featured_media":9783,"comment_status":"closed","ping_status":"closed","sticky":false,"template":"","format":"standard","meta":{"_monsterinsights_skip_tracking":false,"_monsterinsights_sitenote_active":false,"_monsterinsights_sitenote_note":"","_monsterinsights_sitenote_category":0,"footnotes":""},"categories":[4],"tags":[890,789,1591],"class_list":["post-17828","post","type-post","status-publish","format-standard","has-post-thumbnail","hentry","category-politica","tag-legisladores","tag-proyecto-de-ley","tag-reeleccion"],"_links":{"self":[{"href":"https:\/\/www.visionweb.com.ar\/index.php?rest_route=\/wp\/v2\/posts\/17828","targetHints":{"allow":["GET"]}}],"collection":[{"href":"https:\/\/www.visionweb.com.ar\/index.php?rest_route=\/wp\/v2\/posts"}],"about":[{"href":"https:\/\/www.visionweb.com.ar\/index.php?rest_route=\/wp\/v2\/types\/post"}],"author":[{"embeddable":true,"href":"https:\/\/www.visionweb.com.ar\/index.php?rest_route=\/wp\/v2\/users\/3"}],"replies":[{"embeddable":true,"href":"https:\/\/www.visionweb.com.ar\/index.php?rest_route=%2Fwp%2Fv2%2Fcomments&post=17828"}],"version-history":[{"count":1,"href":"https:\/\/www.visionweb.com.ar\/index.php?rest_route=\/wp\/v2\/posts\/17828\/revisions"}],"predecessor-version":[{"id":17829,"href":"https:\/\/www.visionweb.com.ar\/index.php?rest_route=\/wp\/v2\/posts\/17828\/revisions\/17829"}],"wp:featuredmedia":[{"embeddable":true,"href":"https:\/\/www.visionweb.com.ar\/index.php?rest_route=\/wp\/v2\/media\/9783"}],"wp:attachment":[{"href":"https:\/\/www.visionweb.com.ar\/index.php?rest_route=%2Fwp%2Fv2%2Fmedia&parent=17828"}],"wp:term":[{"taxonomy":"category","embeddable":true,"href":"https:\/\/www.visionweb.com.ar\/index.php?rest_route=%2Fwp%2Fv2%2Fcategories&post=17828"},{"taxonomy":"post_tag","embeddable":true,"href":"https:\/\/www.visionweb.com.ar\/index.php?rest_route=%2Fwp%2Fv2%2Ftags&post=17828"}],"curies":[{"name":"wp","href":"https:\/\/api.w.org\/{rel}","templated":true}]}}