{"id":17819,"date":"2025-04-15T12:48:42","date_gmt":"2025-04-15T15:48:42","guid":{"rendered":"https:\/\/www.visionweb.com.ar\/?p=17819"},"modified":"2025-04-15T12:48:42","modified_gmt":"2025-04-15T15:48:42","slug":"el-lunes-proximo-abre-la-inscripcion-a-los-vouchers-educativos-2025","status":"publish","type":"post","link":"https:\/\/www.visionweb.com.ar\/?p=17819","title":{"rendered":"El lunes pr\u00f3ximo abre la inscripci\u00f3n a los Vouchers Educativos 2025"},"content":{"rendered":"<p><em><strong>El Gobierno relanza el programa de para recibir hasta el 50% de ayuda en cuotas de colegios privados que tengan subvenciones.<\/strong><\/em><!--more--><\/p>\n<p><img loading=\"lazy\" decoding=\"async\" class=\"size-medium wp-image-12774 alignright\" src=\"https:\/\/www.visionweb.com.ar\/wp-content\/uploads\/2023\/12\/colegios-privados-300x173.png\" alt=\"\" width=\"300\" height=\"173\" srcset=\"https:\/\/www.visionweb.com.ar\/wp-content\/uploads\/2023\/12\/colegios-privados-300x173.png 300w, https:\/\/www.visionweb.com.ar\/wp-content\/uploads\/2023\/12\/colegios-privados.png 535w\" sizes=\"auto, (max-width: 300px) 100vw, 300px\" \/>\u00a0\u00a0\u00a0 <strong>E<\/strong>l\u00a0<strong>Gobierno nacional<\/strong>, a trav\u00e9s del Ministerio de Capital Humano, confirm\u00f3 que el programa de\u00a0<strong><a href=\"https:\/\/www.argentina.gob.ar\/vouchers-educativos\">vouchers educativos<\/a><\/strong>\u00a0lanzado en 2024 volver\u00e1 a implementarse este a\u00f1o, cuya <strong>inscripci\u00f3n iniciar\u00e1 el pr\u00f3ximo lunes 21 de abril<\/strong> para recibir asistencia estatal que <strong>cubre hasta el 50% del valor de las cuotas<\/strong> mensuales en colegios privados, que reciben subvenci\u00f3n del Estado.<\/p>\n<p>El programa, reglamentado por la\u00a0<strong>Resoluci\u00f3n 61\/2024<\/strong>\u00a0del\u00a0<strong>Ministerio de Capital Humano<\/strong>, que conduce\u00a0<strong>Sandra Pettovello<\/strong>, est\u00e1 dirigido a colegios de gesti\u00f3n privada, <strong>que reciben<\/strong> al menos un <strong>75% de subvenci\u00f3n estatal<\/strong> y de acuerdo al texto oficial, la ayuda econ\u00f3mica se aplica a todos los niveles educativos incluidos bajo ese criterio.<\/p>\n<p>En ese marco, la\u00a0<strong>Asociaci\u00f3n de Institutos de Ense\u00f1anza Privada de Argentina<\/strong>\u00a0(<strong>AIEPBA<\/strong>) confirm\u00f3 la fecha de inicio de inscripciones (<strong>del 21 de abril al 16 de mayo<\/strong>), y los detalles del proceso.<\/p>\n<p>Seg\u00fan indic\u00f3 el\u00a0<strong>secretario ejecutivo de AIEPBA<\/strong>,\u00a0<strong>Mart\u00edn Zurita<\/strong>, los establecimientos educativos ya recibieron la notificaci\u00f3n de la\u00a0<strong>Secretar\u00eda de Educaci\u00f3n<\/strong>, bajo la \u00f3rbita de\u00a0<strong>Carlos Torrendell<\/strong>. \u201cLas inscripciones de los interesados en acceder a la ayuda estatal estar\u00e1n abiertas a partir del lunes 21, seg\u00fan dice esa comunicaci\u00f3n que remiti\u00f3 el organismo a todo el pa\u00eds\u201d, afirm\u00f3.<\/p>\n<p>El programa est\u00e1\u00a0<strong>destinado a contribuir con el pago de los gastos escolares de estudiantes de hasta 18 a\u00f1os<\/strong>.<\/p>\n<p>Para postularse, el adulto responsable deber\u00e1\u00a0<strong>registrarse en la app Mi Argentina\u00a0<\/strong>y completar el formulario del programa con los datos de los menores a su cargo, incluyendo el nivel educativo, grado e instituci\u00f3n a la que asisten.<\/p>\n<p>Adem\u00e1s, las instituciones adheridas deber\u00e1n\u00a0<strong>certificar la regularidad acad\u00e9mica de los estudiantes<\/strong>\u00a0a trav\u00e9s de la plataforma oficial.<\/p>\n<p>M\u00e1s informaci\u00f3n en:\u00a0<a href=\"https:\/\/www.argentina.gob.ar\/vouchers-educativos\">https:\/\/www.argentina.gob.ar\/vouchers-educativos<\/a><\/p>\n<p>De acuerdo a lo difundido, los colegios deben presentar una declaraci\u00f3n jurada con informaci\u00f3n institucional y los valores de los aranceles. El tr\u00e1mite deber\u00e1 completarse antes de fin de mes, mientras que los formularios ya est\u00e1n disponibles para los directivos y representantes legales de cada instituci\u00f3n.<\/p>\n<p>En tanto, <strong>la asistencia estatal cubrir\u00e1 el 50% del valor de la cuota correspondiente a la jornada simple<\/strong> y se calcular\u00e1 sobre los valores establecidos en marzo de 2025, sin incluir actividades extraprogram\u00e1ticas.<\/p>\n<p>En la\u00a0<strong>Provincia de Buenos Aires<\/strong>, el monto var\u00eda seg\u00fan el nivel y el porcentaje de subsidio. Por ejemplo, en colegios secundarios con 80% de subvenci\u00f3n, el beneficio cubre hasta $25.980 sobre una cuota base de $51.960. En el nivel primario, con el mismo porcentaje de aporte estatal, la ayuda alcanza hasta $22.945 sobre una cuota mensual de $45.890.<\/p>\n<p>Mientras que, en colegios con 100% de subvenci\u00f3n estatal, el aporte llega a $13.715 para el nivel secundario (cuota base de $27.430) y $12.440 para el nivel primario (cuota base de $24.880). <strong>(VW)<\/strong><\/p>\n<p>&nbsp;<\/p>\n","protected":false},"excerpt":{"rendered":"<p>El Gobierno relanza el programa de para recibir hasta el 50% de ayuda en cuotas de colegios privados que tengan subvenciones.<\/p>\n","protected":false},"author":4,"featured_media":12774,"comment_status":"closed","ping_status":"closed","sticky":false,"template":"","format":"standard","meta":{"_monsterinsights_skip_tracking":false,"_monsterinsights_sitenote_active":false,"_monsterinsights_sitenote_note":"","_monsterinsights_sitenote_category":0,"footnotes":""},"categories":[4,5],"tags":[5853,7579,7224],"class_list":["post-17819","post","type-post","status-publish","format-standard","has-post-thumbnail","hentry","category-politica","category-sociedad","tag-vouchers-educativos","tag-colegios-privados-subvencionados","tag-inscripciones-2025"],"_links":{"self":[{"href":"https:\/\/www.visionweb.com.ar\/index.php?rest_route=\/wp\/v2\/posts\/17819","targetHints":{"allow":["GET"]}}],"collection":[{"href":"https:\/\/www.visionweb.com.ar\/index.php?rest_route=\/wp\/v2\/posts"}],"about":[{"href":"https:\/\/www.visionweb.com.ar\/index.php?rest_route=\/wp\/v2\/types\/post"}],"author":[{"embeddable":true,"href":"https:\/\/www.visionweb.com.ar\/index.php?rest_route=\/wp\/v2\/users\/4"}],"replies":[{"embeddable":true,"href":"https:\/\/www.visionweb.com.ar\/index.php?rest_route=%2Fwp%2Fv2%2Fcomments&post=17819"}],"version-history":[{"count":1,"href":"https:\/\/www.visionweb.com.ar\/index.php?rest_route=\/wp\/v2\/posts\/17819\/revisions"}],"predecessor-version":[{"id":17820,"href":"https:\/\/www.visionweb.com.ar\/index.php?rest_route=\/wp\/v2\/posts\/17819\/revisions\/17820"}],"wp:featuredmedia":[{"embeddable":true,"href":"https:\/\/www.visionweb.com.ar\/index.php?rest_route=\/wp\/v2\/media\/12774"}],"wp:attachment":[{"href":"https:\/\/www.visionweb.com.ar\/index.php?rest_route=%2Fwp%2Fv2%2Fmedia&parent=17819"}],"wp:term":[{"taxonomy":"category","embeddable":true,"href":"https:\/\/www.visionweb.com.ar\/index.php?rest_route=%2Fwp%2Fv2%2Fcategories&post=17819"},{"taxonomy":"post_tag","embeddable":true,"href":"https:\/\/www.visionweb.com.ar\/index.php?rest_route=%2Fwp%2Fv2%2Ftags&post=17819"}],"curies":[{"name":"wp","href":"https:\/\/api.w.org\/{rel}","templated":true}]}}