{"id":17814,"date":"2025-04-15T08:55:53","date_gmt":"2025-04-15T11:55:53","guid":{"rendered":"https:\/\/www.visionweb.com.ar\/?p=17814"},"modified":"2025-04-15T08:55:53","modified_gmt":"2025-04-15T11:55:53","slug":"cartoneros-protestan-por-la-caida-del-precio-que-recibian","status":"publish","type":"post","link":"https:\/\/www.visionweb.com.ar\/?p=17814","title":{"rendered":"Cartoneros protestan por la ca\u00edda del precio que recib\u00edan"},"content":{"rendered":"<p><em><strong>Los cartoneros cobraban $230 por kilo de cart\u00f3n entregado, ahora reciben de los acopiadores $70. Atribuyen a la importaci\u00f3 indiscriminada de Brasil el derrumbe del precio.<\/strong><\/em>\u00a0 <!--more--><\/p>\n<p><img loading=\"lazy\" decoding=\"async\" class=\"size-medium wp-image-17815 alignright\" src=\"https:\/\/www.visionweb.com.ar\/wp-content\/uploads\/2025\/04\/CARTONEROS-EN-PROTESTA-300x169.png\" alt=\"\" width=\"300\" height=\"169\" srcset=\"https:\/\/www.visionweb.com.ar\/wp-content\/uploads\/2025\/04\/CARTONEROS-EN-PROTESTA-300x169.png 300w, https:\/\/www.visionweb.com.ar\/wp-content\/uploads\/2025\/04\/CARTONEROS-EN-PROTESTA.png 700w\" sizes=\"auto, (max-width: 300px) 100vw, 300px\" \/>Trabajadores cartoneros se movilizaron en Avellaneda para visibilizar su tarea y denunciar\u00a0<strong>la ca\u00edda abrupta del precio del cart\u00f3n que se desplom\u00f3 de $230 a apenas $70\u00a0<\/strong>como consecuencia de la apertura indiscriminada de importaciones de papel celulosa y recortes de cart\u00f3n desde Brasil, sin aranceles.<\/p>\n<p>Seg\u00fan lo recicladores, esta medida, impulsada por el Gobierno nacional, provoc\u00f3 una\u00a0<strong>p\u00e9rdida de ingresos de entre el 40% y el 80%,\u00a0<\/strong>afectando directamente a uno de los sectores m\u00e1s vulnerables de la econom\u00eda popular.<\/p>\n<p>\u201cEs urgente reconocer el trabajo de la econom\u00eda popular. Los cartoneros est\u00e1n reclamando un reconocimiento digno de su tarea.<strong>\u00a0Ning\u00fan trabajador merece vivir en estas condiciones<\/strong>\u201c, expres\u00f3 Mar\u00eda Alva Gonz\u00e1lez, concejal de Avellaneda por Uni\u00f3n por la Patria y referente del Frente Patria Grande, en apoyo a la jornada de visibilizaci\u00f3n que llevaron adelante los recicladores nucleados en el colectivo Recicladores Unidos de Avellaneda.<\/p>\n<p>\u00abCaminar todo el d\u00eda para juntar cartones y luego recibir lo que te pagan, ya no es negocio\u00bb, dec\u00eda un cartonero a VW, que prefiri\u00f3 el anonimato a identificarse.<\/p>\n<p>Desde el sector se\u00f1alaron que\u00a0<strong>esta pol\u00edtica no solo perjudica a miles de familias que dependen del cart\u00f3n como fuente de sustento,\u00a0<\/strong>sino que adem\u00e1s afecta negativamente al medio ambiente, al desincentivar la tarea de reciclaje que los cartoneros y cartoneras realizan d\u00eda a d\u00eda.<\/p>\n<p>\u201cSeguiremos luchando incansablemente\u00a0<strong>hasta que se reconozcan nuestros derechos<\/strong> como a cualquier otro trabajador\u201d, indicaron en un comunicado.(vw)<\/p>\n<p>&nbsp;<\/p>\n","protected":false},"excerpt":{"rendered":"<p>Los cartoneros cobraban $230 por kilo de cart\u00f3n entregado, ahora reciben de los acopiadores $70. Atribuyen a la importaci\u00f3 indiscriminada de Brasil el derrumbe del precio.\u00a0<\/p>\n","protected":false},"author":3,"featured_media":17815,"comment_status":"closed","ping_status":"closed","sticky":false,"template":"","format":"standard","meta":{"_monsterinsights_skip_tracking":false,"_monsterinsights_sitenote_active":false,"_monsterinsights_sitenote_note":"","_monsterinsights_sitenote_category":0,"footnotes":""},"categories":[8],"tags":[7578,47,4955],"class_list":["post-17814","post","type-post","status-publish","format-standard","has-post-thumbnail","hentry","category-interes-general","tag-cartones","tag-precios","tag-recicladores"],"_links":{"self":[{"href":"https:\/\/www.visionweb.com.ar\/index.php?rest_route=\/wp\/v2\/posts\/17814","targetHints":{"allow":["GET"]}}],"collection":[{"href":"https:\/\/www.visionweb.com.ar\/index.php?rest_route=\/wp\/v2\/posts"}],"about":[{"href":"https:\/\/www.visionweb.com.ar\/index.php?rest_route=\/wp\/v2\/types\/post"}],"author":[{"embeddable":true,"href":"https:\/\/www.visionweb.com.ar\/index.php?rest_route=\/wp\/v2\/users\/3"}],"replies":[{"embeddable":true,"href":"https:\/\/www.visionweb.com.ar\/index.php?rest_route=%2Fwp%2Fv2%2Fcomments&post=17814"}],"version-history":[{"count":1,"href":"https:\/\/www.visionweb.com.ar\/index.php?rest_route=\/wp\/v2\/posts\/17814\/revisions"}],"predecessor-version":[{"id":17816,"href":"https:\/\/www.visionweb.com.ar\/index.php?rest_route=\/wp\/v2\/posts\/17814\/revisions\/17816"}],"wp:featuredmedia":[{"embeddable":true,"href":"https:\/\/www.visionweb.com.ar\/index.php?rest_route=\/wp\/v2\/media\/17815"}],"wp:attachment":[{"href":"https:\/\/www.visionweb.com.ar\/index.php?rest_route=%2Fwp%2Fv2%2Fmedia&parent=17814"}],"wp:term":[{"taxonomy":"category","embeddable":true,"href":"https:\/\/www.visionweb.com.ar\/index.php?rest_route=%2Fwp%2Fv2%2Fcategories&post=17814"},{"taxonomy":"post_tag","embeddable":true,"href":"https:\/\/www.visionweb.com.ar\/index.php?rest_route=%2Fwp%2Fv2%2Ftags&post=17814"}],"curies":[{"name":"wp","href":"https:\/\/api.w.org\/{rel}","templated":true}]}}