{"id":17807,"date":"2025-04-14T11:55:23","date_gmt":"2025-04-14T14:55:23","guid":{"rendered":"https:\/\/www.visionweb.com.ar\/?p=17807"},"modified":"2025-04-14T11:55:23","modified_gmt":"2025-04-14T14:55:23","slug":"murio-mario-vargas-llosa-un-icono-de-la-literatura-mundial","status":"publish","type":"post","link":"https:\/\/www.visionweb.com.ar\/?p=17807","title":{"rendered":"Muri\u00f3 Mario Vargas Llosa, un \u00edcono de la literatura mundial"},"content":{"rendered":"<p><em><strong>El adi\u00f3s a un premio Nobel: El aclamado escritor falleci\u00f3 en Lima a los 89 a\u00f1os, deja una extensa y prodigiosa obra literaria.<\/strong><\/em><!--more--><\/p>\n<p><img loading=\"lazy\" decoding=\"async\" class=\"size-medium wp-image-17808 alignright\" src=\"https:\/\/www.visionweb.com.ar\/wp-content\/uploads\/2025\/04\/Vargas-Llosa-300x169.png\" alt=\"\" width=\"300\" height=\"169\" srcset=\"https:\/\/www.visionweb.com.ar\/wp-content\/uploads\/2025\/04\/Vargas-Llosa-300x169.png 300w, https:\/\/www.visionweb.com.ar\/wp-content\/uploads\/2025\/04\/Vargas-Llosa.png 588w\" sizes=\"auto, (max-width: 300px) 100vw, 300px\" \/>\u00a0 <strong>E<\/strong>l escritor peruano <strong>Mario Vargas Llosa<\/strong>, falleci\u00f3 en el d\u00eda de ayer a los 89 a\u00f1os en Lima, fue figura central del Boom Latinoamericano y Premio Nobel de Literatura en 2010. Su muerte, sin ceremonias p\u00fablicas seg\u00fan sus deseos, cierra la vida de un autor cuya obra literaria es innegable<\/p>\n<p>La noticia marca el final de una vida dedicada a las letras y<strong>\u00a0deja un legado literario que trascender\u00e1 generaciones.<\/strong><\/p>\n<p>En un comunicado, los hijos del autor expresaron su pesar por la p\u00e9rdida, pero tambi\u00e9n se\u00f1alaron que encuentran consuelo en la obra que su padre deja como <strong>herencia para sus lectores<\/strong> en todo el mundo.<\/p>\n<p>Entre otros aspectos, el texto indic\u00f3 que no se llevar\u00e1 a cabo ninguna ceremonia p\u00fablica para despedir al autor. La familia ha decidido respetar su pedido, y sus restos ser\u00e1n incinerados, cumpliendo con su \u00faltima voluntad.<\/p>\n<p>Los hijos del escritor, <strong>\u00c1lvaro, Gonzalo y Morgana Vargas Llosa<\/strong>, subrayaron el deseo de la familia de mantener la solemnidad, la intimidad y el respeto en torno a la partida de una figura tan influyente.<\/p>\n<p><strong>Vargas Llosa fue parte de una generaci\u00f3n literaria que revolucion\u00f3 la narrativa en espa\u00f1ol, junto a Gabriel Garc\u00eda M\u00e1rquez, Julio Cort\u00e1zar y Carlos Fuentes<\/strong>.<\/p>\n<p>El escritor dej\u00f3 una obra monumental: desde\u00a0<em>La ciudad y los perros<\/em>\u00a0(1963), cr\u00edtica feroz a la violencia castrense, hasta\u00a0<em>La fiesta del Chivo<\/em>\u00a0(2000), retrato de la dictadura de Trujillo. Valgan mencionar\u00a0<em>Conversaci\u00f3n en la Catedral<\/em>\u00a0(1969),\u00a0<em>Pantale\u00f3n y las visitadoras<\/em>\u00a0(1973) o\u00a0<em>El para\u00edso en la otra esquina<\/em>\u00a0(2003) que trata, en paralelo, de la vida de dos figuras hist\u00f3ricas: la feminista Flora Trist\u00e1n y su nieto, el pintor Paul Gauguin. <strong>Sus novelas, traducidas a 30 idiomas<\/strong>, exploraron el poder, la corrupci\u00f3n y la resistencia individual.<\/p>\n<p>Adem\u00e1s de su labor literaria, Vargas Llosa tuvo una intensa participaci\u00f3n en la vida pol\u00edtica:\u00a0fue candidato a la presidencia del Per\u00fa en 1990\u00a0y mantuvo una activa voz p\u00fablica a trav\u00e9s de sus art\u00edculos y entrevistas. Abraz\u00f3 un liberalismo que lo llev\u00f3 a apoyar pol\u00edticas de derecha. <strong>(VW)<\/strong><\/p>\n","protected":false},"excerpt":{"rendered":"<p>El adi\u00f3s a un premio Nobel: El aclamado escritor falleci\u00f3 en Lima a los 89 a\u00f1os, deja una extensa y prodigiosa obra literaria.<\/p>\n","protected":false},"author":4,"featured_media":17808,"comment_status":"closed","ping_status":"closed","sticky":false,"template":"","format":"standard","meta":{"_monsterinsights_skip_tracking":false,"_monsterinsights_sitenote_active":false,"_monsterinsights_sitenote_note":"","_monsterinsights_sitenote_category":0,"footnotes":""},"categories":[8,1822],"tags":[7576,394,7577,7575],"class_list":["post-17807","post","type-post","status-publish","format-standard","has-post-thumbnail","hentry","category-interes-general","category-internacionales","tag-fallecimiento-13-de-abril-2025","tag-obras","tag-premio-nobel","tag-vargas-llosa"],"_links":{"self":[{"href":"https:\/\/www.visionweb.com.ar\/index.php?rest_route=\/wp\/v2\/posts\/17807","targetHints":{"allow":["GET"]}}],"collection":[{"href":"https:\/\/www.visionweb.com.ar\/index.php?rest_route=\/wp\/v2\/posts"}],"about":[{"href":"https:\/\/www.visionweb.com.ar\/index.php?rest_route=\/wp\/v2\/types\/post"}],"author":[{"embeddable":true,"href":"https:\/\/www.visionweb.com.ar\/index.php?rest_route=\/wp\/v2\/users\/4"}],"replies":[{"embeddable":true,"href":"https:\/\/www.visionweb.com.ar\/index.php?rest_route=%2Fwp%2Fv2%2Fcomments&post=17807"}],"version-history":[{"count":1,"href":"https:\/\/www.visionweb.com.ar\/index.php?rest_route=\/wp\/v2\/posts\/17807\/revisions"}],"predecessor-version":[{"id":17809,"href":"https:\/\/www.visionweb.com.ar\/index.php?rest_route=\/wp\/v2\/posts\/17807\/revisions\/17809"}],"wp:featuredmedia":[{"embeddable":true,"href":"https:\/\/www.visionweb.com.ar\/index.php?rest_route=\/wp\/v2\/media\/17808"}],"wp:attachment":[{"href":"https:\/\/www.visionweb.com.ar\/index.php?rest_route=%2Fwp%2Fv2%2Fmedia&parent=17807"}],"wp:term":[{"taxonomy":"category","embeddable":true,"href":"https:\/\/www.visionweb.com.ar\/index.php?rest_route=%2Fwp%2Fv2%2Fcategories&post=17807"},{"taxonomy":"post_tag","embeddable":true,"href":"https:\/\/www.visionweb.com.ar\/index.php?rest_route=%2Fwp%2Fv2%2Ftags&post=17807"}],"curies":[{"name":"wp","href":"https:\/\/api.w.org\/{rel}","templated":true}]}}