{"id":17803,"date":"2025-04-14T10:55:29","date_gmt":"2025-04-14T13:55:29","guid":{"rendered":"https:\/\/www.visionweb.com.ar\/?p=17803"},"modified":"2025-04-14T10:55:29","modified_gmt":"2025-04-14T13:55:29","slug":"por-pablo-una-plaza-que-abrazo-el-pedido-de-justicia","status":"publish","type":"post","link":"https:\/\/www.visionweb.com.ar\/?p=17803","title":{"rendered":"\u201cPor Pablo\u201d: Una plaza que abraz\u00f3 el pedido de justicia"},"content":{"rendered":"<p><em><strong>La Plaza Mariano Moreno fue el punto de encuentro, contenci\u00f3n y compromiso colectivo en pedido de justicia por Pablo Grillo. Hubo m\u00fasica en vivo, shows, stands de comidas, y una comunidad entera que no olvida: \u201cNunca M\u00e1s a la represi\u00f3n\u201d.<\/strong><\/em><!--more--><\/p>\n<p><strong><img loading=\"lazy\" decoding=\"async\" class=\"size-medium wp-image-17805 alignright\" src=\"https:\/\/www.visionweb.com.ar\/wp-content\/uploads\/2025\/04\/festivalx-pablo-escalada-300x157.jpg\" alt=\"\" width=\"300\" height=\"157\" srcset=\"https:\/\/www.visionweb.com.ar\/wp-content\/uploads\/2025\/04\/festivalx-pablo-escalada-300x157.jpg 300w, https:\/\/www.visionweb.com.ar\/wp-content\/uploads\/2025\/04\/festivalx-pablo-escalada-768x403.jpg 768w, https:\/\/www.visionweb.com.ar\/wp-content\/uploads\/2025\/04\/festivalx-pablo-escalada.jpg 868w\" sizes=\"auto, (max-width: 300px) 100vw, 300px\" \/>\u00a0\u00a0 L<\/strong>a Plaza Mariano Moreno de Remedios de Escalada fue este s\u00e1bado, el escenario de un encuentro popular que combin\u00f3 <strong>solidaridad, reclamo y arte<\/strong>, con familiares y amigos del fot\u00f3grafo <strong>Pablo Grillo<\/strong> se realiz\u00f3 un festival para <strong>exigir justicia<\/strong> por la brutal represi\u00f3n que lo dej\u00f3 gravemente herido durante una cobertura en una marcha en defensa de jubilados.<\/p>\n<p>A un mes del hecho que <strong>sacudi\u00f3 al mundo del periodismo<\/strong> y la militancia social, la comunidad se organiz\u00f3 para <strong>sostener la memoria, exigir justicia y acompa\u00f1ar a Pablo en su recuperaci\u00f3n<\/strong>.<\/p>\n<p>Durante el evento que se realiz\u00f3 el s\u00e1bado 12, se presentaron <strong>Dr. Kein<\/strong>, banda funk rock de Lan\u00fas en la que Pablo particip\u00f3; <strong>Escalandombes Fusi\u00f3n, Banda 504, Dr. Regui, La Chilinga, Tu Cumbia<\/strong>, entre otros. Tambi\u00e9n hubo un circo itinerante, actividades infantiles, puestos de comida, a la vez que una campa\u00f1a solidaria para juntar alimentos no perecederos destinados a los centros de jubilados \u201cVivencias\u201d y \u201cRemedios de Escalada Este\u201d.<\/p>\n<p>El festival se consolid\u00f3 con una <strong>plaza a pleno<\/strong>, se plante\u00f3 como un <strong>espacio de memoria y contenci\u00f3n<\/strong>, para <strong>visibilizar el reclamo por justicia<\/strong>.<\/p>\n<p>Cabe destacar, que el evento cont\u00f3 con el respaldo del <strong>Sindicato de Prensa de Buenos Aires (SiPreBa), la Asociaci\u00f3n de Reporteros Gr\u00e1ficos (ARGRA), el CELS, el Club Atl\u00e9tico Talleres de Remedios de Escalada, ATE Capital<\/strong>, entre otros, tambi\u00e9n organizaciones sociales y pol\u00edticas locales.<\/p>\n<p><strong><img loading=\"lazy\" decoding=\"async\" class=\"size-medium wp-image-17794 alignleft\" src=\"https:\/\/www.visionweb.com.ar\/wp-content\/uploads\/2025\/04\/FOTOGRAFO-GRILLO-300x172.png\" alt=\"\" width=\"300\" height=\"172\" srcset=\"https:\/\/www.visionweb.com.ar\/wp-content\/uploads\/2025\/04\/FOTOGRAFO-GRILLO-300x172.png 300w, https:\/\/www.visionweb.com.ar\/wp-content\/uploads\/2025\/04\/FOTOGRAFO-GRILLO.png 640w\" sizes=\"auto, (max-width: 300px) 100vw, 300px\" \/>Sigue internado, y la causa avanza:<\/strong><\/p>\n<p>Pablo Grillo permanece en el Hospital Ramos Mej\u00eda, en recuperaci\u00f3n. Mientras tanto, <strong>su familia logr\u00f3 ser aceptada como querellante en la causa <\/strong>y solicit\u00f3 avanzar con medidas \u201curgentes e importantes\u201d.<\/p>\n<p>\u201cPablo tiene muchos amigos y surgi\u00f3 hacer este festival porque es una manera de encontrarnos todos, porque siempre es mejor abrazarse, estar juntos en los momentos dif\u00edciles y, desde ah\u00ed, pelear en forma colectiva\u201d, expres\u00f3 a los medios <strong>Emiliano Grillo<\/strong>, hermano del fot\u00f3grafo, tras visitarlo en el hospital.<\/p>\n<p>Es de recordar, que el hecho ocurri\u00f3 el pasado 12 de marzo. Pablo, reconocido por su compromiso en coberturas sociales, fotografiaba una movilizaci\u00f3n de jubilados de los mi\u00e9rcoles, cuando una granada de gas lacrim\u00f3geno impact\u00f3 en su cabeza. El <strong>disparo <\/strong>fue identificado como proveniente del <strong>cabo primero H\u00e9ctor Guerrero, de la Gendarmer\u00eda Nacional<\/strong>.<strong> (VW)<\/strong><\/p>\n<p>&nbsp;<\/p>\n","protected":false},"excerpt":{"rendered":"<p>La Plaza Mariano Moreno fue el punto de encuentro, contenci\u00f3n y compromiso colectivo en pedido de justicia por Pablo Grillo. Hubo m\u00fasica en vivo, shows, stands de comidas, y una comunidad entera que no&#46;&#46;&#46;<\/p>\n","protected":false},"author":4,"featured_media":17805,"comment_status":"closed","ping_status":"closed","sticky":false,"template":"","format":"standard","meta":{"_monsterinsights_skip_tracking":false,"_monsterinsights_sitenote_active":false,"_monsterinsights_sitenote_note":"","_monsterinsights_sitenote_category":0,"footnotes":""},"categories":[4,5],"tags":[7574,7457,1095,864],"class_list":["post-17803","post","type-post","status-publish","format-standard","has-post-thumbnail","hentry","category-politica","category-sociedad","tag-festival-por-pedido-de-justicia","tag-pablo-grillo","tag-plaza-mariano-moreno","tag-remedios-de-escalada"],"_links":{"self":[{"href":"https:\/\/www.visionweb.com.ar\/index.php?rest_route=\/wp\/v2\/posts\/17803","targetHints":{"allow":["GET"]}}],"collection":[{"href":"https:\/\/www.visionweb.com.ar\/index.php?rest_route=\/wp\/v2\/posts"}],"about":[{"href":"https:\/\/www.visionweb.com.ar\/index.php?rest_route=\/wp\/v2\/types\/post"}],"author":[{"embeddable":true,"href":"https:\/\/www.visionweb.com.ar\/index.php?rest_route=\/wp\/v2\/users\/4"}],"replies":[{"embeddable":true,"href":"https:\/\/www.visionweb.com.ar\/index.php?rest_route=%2Fwp%2Fv2%2Fcomments&post=17803"}],"version-history":[{"count":1,"href":"https:\/\/www.visionweb.com.ar\/index.php?rest_route=\/wp\/v2\/posts\/17803\/revisions"}],"predecessor-version":[{"id":17806,"href":"https:\/\/www.visionweb.com.ar\/index.php?rest_route=\/wp\/v2\/posts\/17803\/revisions\/17806"}],"wp:featuredmedia":[{"embeddable":true,"href":"https:\/\/www.visionweb.com.ar\/index.php?rest_route=\/wp\/v2\/media\/17805"}],"wp:attachment":[{"href":"https:\/\/www.visionweb.com.ar\/index.php?rest_route=%2Fwp%2Fv2%2Fmedia&parent=17803"}],"wp:term":[{"taxonomy":"category","embeddable":true,"href":"https:\/\/www.visionweb.com.ar\/index.php?rest_route=%2Fwp%2Fv2%2Fcategories&post=17803"},{"taxonomy":"post_tag","embeddable":true,"href":"https:\/\/www.visionweb.com.ar\/index.php?rest_route=%2Fwp%2Fv2%2Ftags&post=17803"}],"curies":[{"name":"wp","href":"https:\/\/api.w.org\/{rel}","templated":true}]}}