{"id":17801,"date":"2025-04-14T08:38:57","date_gmt":"2025-04-14T11:38:57","guid":{"rendered":"https:\/\/www.visionweb.com.ar\/?p=17801"},"modified":"2025-04-14T08:38:57","modified_gmt":"2025-04-14T11:38:57","slug":"el-gobierno-elimina-los-subsidios-para-luz-y-gas","status":"publish","type":"post","link":"https:\/\/www.visionweb.com.ar\/?p=17801","title":{"rendered":"El gobierno elimina los subsidios para luz y gas"},"content":{"rendered":"<p><strong><em>Tras la firma del acuerdo con el FMI, el gobierno de Javier Milei eliminar\u00e1 los subsidios que beneficiavba a la clase media. Solo regir\u00e1 para hogares vulnerables.<\/em><\/strong>\u00a0 \u00a0 <!--more--><\/p>\n<p><img loading=\"lazy\" decoding=\"async\" class=\"size-medium wp-image-15241 alignright\" src=\"https:\/\/www.visionweb.com.ar\/wp-content\/uploads\/2024\/07\/servicios-agua-luz-300x171.png\" alt=\"\" width=\"300\" height=\"171\" srcset=\"https:\/\/www.visionweb.com.ar\/wp-content\/uploads\/2024\/07\/servicios-agua-luz-300x171.png 300w, https:\/\/www.visionweb.com.ar\/wp-content\/uploads\/2024\/07\/servicios-agua-luz.png 547w\" sizes=\"auto, (max-width: 300px) 100vw, 300px\" \/>El Gobierno unific\u00f3 el sistema de subsidios y solo mantendr\u00e1 el beneficio para hogares vulnerables. La clase media afrontar\u00e1 nuevos aumentos.<\/p>\n<p>En ese sentido, la actual administraci\u00f3n avanza con un nuevo ajuste y confirma la eliminaci\u00f3n de\u00a0<strong>subsidios en las tarifas de luz y gas <\/strong>para la\u00a0<strong>clase media<\/strong>\u00a0.<\/p>\n<p>A partir del cambio, m\u00e1s de 3 millones de hogares perder\u00e1n el beneficio y pasar\u00e1n a pagar la tarifa plena. Solo quedar\u00e1 vigente una \u00fanica categor\u00eda de ayuda destinada a\u00a0<strong>hogares vulnerables<\/strong>\u00a0, seg\u00fan el nuevo esquema que exige el Fondo Monetario Internacional (FMI)<\/p>\n<p>Hasta ahora, el sistema divid\u00eda a los usuarios en tres niveles seg\u00fan el ingreso familiar. Eso qued\u00f3 descartado. Con el cambio, solo los sectores m\u00e1s postergados seguir\u00e1n recibiendo el subsidio. El resto, en su mayor\u00eda clase media, deber\u00e1 afrontar el costo total del servicio de\u00a0<strong>electricidad y gas natural<\/strong>\u00a0.<\/p>\n<p>Esta medida se marca en el acuerdo firmado con el FMI, que exige una fuerte reducci\u00f3n del gasto p\u00fablico. El organismo proyect\u00f3 que los subsidios pasar\u00e1n del 1,1% del PBI en 2024 al 0,5% en 2025. Para llegar a esa meta, el Gobierno decidi\u00f3 eliminar parte de la asistencia estatal y trasladar el impacto directamente a los usuarios.<\/p>\n<p>Desde el inicio de la gesti\u00f3n libertaria, las tarifas de gas aumentaron un\u00a0<strong>622%<\/strong>\u00a0, mientras que las de electricidad subieron un\u00a0<strong>264%<\/strong>\u00a0, seg\u00fan datos del Observatorio de Tarifas y Subsidios de la UBA-Conicet. Con este nuevo ajuste, el costo del servicio ser\u00e1 a\u00fan m\u00e1s alto para millones de familias.<\/p>\n<p>Adem\u00e1s del recorte en los subsidios, el Gobierno de\u00a0<strong>Javier Milei<\/strong> avanza en la reforma del mercado mayorista el\u00e9ctrico. El FMI fij\u00f3 como plazo noviembre de este a\u00f1o. El objetivo es liberalizar el sistema, aumentar la competencia y reducir la intervenci\u00f3n estatal (VW).<\/p>\n","protected":false},"excerpt":{"rendered":"<p>Tras la firma del acuerdo con el FMI, el gobierno de Javier Milei eliminar\u00e1 los subsidios que beneficiavba a la clase media. Solo regir\u00e1 para hogares vulnerables.\u00a0 \u00a0<\/p>\n","protected":false},"author":3,"featured_media":15241,"comment_status":"closed","ping_status":"closed","sticky":false,"template":"","format":"standard","meta":{"_monsterinsights_skip_tracking":false,"_monsterinsights_sitenote_active":false,"_monsterinsights_sitenote_note":"","_monsterinsights_sitenote_category":0,"footnotes":""},"categories":[8],"tags":[5317,1826,2376,7573],"class_list":["post-17801","post","type-post","status-publish","format-standard","has-post-thumbnail","hentry","category-interes-general","tag-eliminacion","tag-gas","tag-luz","tag-subsisdios"],"_links":{"self":[{"href":"https:\/\/www.visionweb.com.ar\/index.php?rest_route=\/wp\/v2\/posts\/17801","targetHints":{"allow":["GET"]}}],"collection":[{"href":"https:\/\/www.visionweb.com.ar\/index.php?rest_route=\/wp\/v2\/posts"}],"about":[{"href":"https:\/\/www.visionweb.com.ar\/index.php?rest_route=\/wp\/v2\/types\/post"}],"author":[{"embeddable":true,"href":"https:\/\/www.visionweb.com.ar\/index.php?rest_route=\/wp\/v2\/users\/3"}],"replies":[{"embeddable":true,"href":"https:\/\/www.visionweb.com.ar\/index.php?rest_route=%2Fwp%2Fv2%2Fcomments&post=17801"}],"version-history":[{"count":1,"href":"https:\/\/www.visionweb.com.ar\/index.php?rest_route=\/wp\/v2\/posts\/17801\/revisions"}],"predecessor-version":[{"id":17802,"href":"https:\/\/www.visionweb.com.ar\/index.php?rest_route=\/wp\/v2\/posts\/17801\/revisions\/17802"}],"wp:featuredmedia":[{"embeddable":true,"href":"https:\/\/www.visionweb.com.ar\/index.php?rest_route=\/wp\/v2\/media\/15241"}],"wp:attachment":[{"href":"https:\/\/www.visionweb.com.ar\/index.php?rest_route=%2Fwp%2Fv2%2Fmedia&parent=17801"}],"wp:term":[{"taxonomy":"category","embeddable":true,"href":"https:\/\/www.visionweb.com.ar\/index.php?rest_route=%2Fwp%2Fv2%2Fcategories&post=17801"},{"taxonomy":"post_tag","embeddable":true,"href":"https:\/\/www.visionweb.com.ar\/index.php?rest_route=%2Fwp%2Fv2%2Ftags&post=17801"}],"curies":[{"name":"wp","href":"https:\/\/api.w.org\/{rel}","templated":true}]}}