{"id":17793,"date":"2025-04-11T11:52:09","date_gmt":"2025-04-11T14:52:09","guid":{"rendered":"https:\/\/www.visionweb.com.ar\/?p=17793"},"modified":"2025-04-11T11:52:09","modified_gmt":"2025-04-11T14:52:09","slug":"festival-solidario-en-escalada-para-pedir-justicia-por-pablo-grillo","status":"publish","type":"post","link":"https:\/\/www.visionweb.com.ar\/?p=17793","title":{"rendered":"Festival solidario en Escalada para pedir justicia por Pablo Grillo"},"content":{"rendered":"<p><em><strong>\u201dEstoy parado para sostenerlo\u00bb, dijo su padre, Fabi\u00e1n, en di\u00e1logo con AUNO. El encuentro es este s\u00e1bado en la Plaza Mariano Moreno.<\/strong><\/em><!--more--><\/p>\n<p><img loading=\"lazy\" decoding=\"async\" class=\"size-medium wp-image-17794 alignright\" src=\"https:\/\/www.visionweb.com.ar\/wp-content\/uploads\/2025\/04\/FOTOGRAFO-GRILLO-300x172.png\" alt=\"\" width=\"300\" height=\"172\" srcset=\"https:\/\/www.visionweb.com.ar\/wp-content\/uploads\/2025\/04\/FOTOGRAFO-GRILLO-300x172.png 300w, https:\/\/www.visionweb.com.ar\/wp-content\/uploads\/2025\/04\/FOTOGRAFO-GRILLO.png 640w\" sizes=\"auto, (max-width: 300px) 100vw, 300px\" \/>Familiares y amigos de\u00a0<strong>Pablo Grillo<\/strong> realizar\u00e1n un <strong>festival solidario para pedir justicia por el fot\u00f3grafo<\/strong>, este s\u00e1bado desde las 14 en la Plaza Mariano Moreno (Avenida Hip\u00f3lito Yrigoyen 6200), de Remedios de Escalada.<\/p>\n<p>Fabi\u00e1n, su padre, convers\u00f3 con\u00a0<strong>AUNO<\/strong>\u00a0sobre la causa judicial, las respuestas de Bullrich, y su presente:\u00a0<strong>\u201dEstoy parado para sostenerlo a Pablo\u201d.<\/strong><\/p>\n<p>La salud de Grillo -que fue\u00a0internado con traumatismo de cr\u00e1neo grave, fracturas m\u00faltiples y p\u00e9rdida de masa encef\u00e1lica tras recibir un disparo de gas lacrim\u00f3geno en la cabeza- mejora lentamente.<\/p>\n<p><strong>\u00abLa evoluci\u00f3n es asombrosa\u00bb<\/strong>, dijo su pap\u00e1 a los medios hace pocos d\u00edas, cuando inform\u00f3 tambi\u00e9n que en cualquier momento el joven de 35 a\u00f1os\u00a0<strong>podr\u00eda dejar la terapia intensiva<\/strong>.<\/p>\n<p>En este contexto, bajo el lema\u00a0<strong>\u201cFuerza Pablo, estamos con vos\u201d<\/strong>, los vecinos de Escalada, que ya organizaron concentraciones para pedir justicia por el reportero agredido durante la marcha del 12 de marzo, se reunir\u00e1n en torno a m\u00fasica en vivo y shows infantiles.\u00a0Pablo es vecino de esta localidad.<\/p>\n<p>El 21 de marzo la familia de Pablo Grillo se present\u00f3 ante la Justicia para ser querellante en la\u00a0<strong>investigaci\u00f3n\u00a0<\/strong>sobre las circunstancias que lo dejaron internado. Tiene la representaci\u00f3n legal de la\u00a0<strong>Liga Argentina por los Derechos Humanos\u00a0<\/strong>y el\u00a0<strong>CELS\u00a0<\/strong>(Centro de Estudios Legales y Sociales).<\/p>\n<p>En un principio, la causa pas\u00f3 por varios juzgados. Al respecto el padre explic\u00f3 que \u201cla jueza (federal Mar\u00eda) Servini tiene la instrucci\u00f3n de preservar las pruebas\u201d, pero que\u00a0<strong>\u201calguien no quiere que se investigue al culpable\u201d.\u00a0<\/strong><\/p>\n<p>Al ser consultado sobre las declaraciones de la ministra de Seguridad, Patricia Bullrich, al momento de la internaci\u00f3n de su hijo, Fabi\u00e1n asegur\u00f3 que evidencian la\u00a0<strong>\u201cmentira y el tipo de gobierno que tenemos\u201d<\/strong>. Tambi\u00e9n, opin\u00f3 que \u201cnos siguen tratando de tarados\u201d.<\/p>\n<p>Sobre c\u00f3mo est\u00e1 atravesando estos momentos, Fabi\u00e1n se\u00f1al\u00f3 que fue \u201csorpresivo y sorprendente\u201d para \u00e9l subir al escenario el\u00a0<strong>24 de marzo<\/strong>\u00a0con los organismos de derechos humanos, las Abuelas y Madres de Mayo. Lo sinti\u00f3 como \u201cun honor triste por la situaci\u00f3n\u201d.<\/p>\n<p>Tambi\u00e9n, destac\u00f3 el agradecimiento que tiene por el Hospital Ramos Mej\u00eda, donde Pablo se encuentra internado: \u201cHay que hacerle un monumento\u201d.<\/p>\n<p>Pablo estudi\u00f3 fotograf\u00eda en la Asociaci\u00f3n de Reporteros Gr\u00e1ficos de la Rep\u00fablica Argentina (ARGRA). Su padre lo atribuye a la \u201cveta art\u00edstica\u201d de su hijo, que tambi\u00e9n lo llev\u00f3 a tocar la arm\u00f3nica y el piano, y a estudiar dise\u00f1o industrial, porque le gusta dibujar desde chico. Con la c\u00e1mara, <strong>suele registrar movilizaciones.<\/strong><\/p>\n<p>Fabi\u00e1n tambi\u00e9n lo describe como\u00a0<strong>\u201csolidario, comprometido y apasionado\u201d<\/strong>. Estos rasgos de su personalidad explicar\u00edan por qu\u00e9 se ofreci\u00f3 para trabajar\u00a0en el Hospital Interzonal de Agudos Evita (Lan\u00fas) durante la pandemia, donde trabaja como jardinero.<\/p>\n<p>As\u00ed lo explica el exdirector ejecutivo del hospital y doctor Javier Moroni: \u201cGolpean la puerta de la direcci\u00f3n y se presenta Pablo diciendo que era alguien del barrio, quer\u00eda ayudar de cualquier manera y ten\u00eda doble pie: uno en jardiner\u00eda y otro en fotograf\u00eda. Estaban los pastos largos en ese tiempo. \u00c9l ayud\u00f3 con sus propias herramientas porque el hospital no ten\u00eda\u201d<strong>(VW\/AUNO)<\/strong>.<\/p>\n<p>&nbsp;<\/p>\n","protected":false},"excerpt":{"rendered":"<p>\u201dEstoy parado para sostenerlo\u00bb, dijo su padre, Fabi\u00e1n, en di\u00e1logo con AUNO. El encuentro es este s\u00e1bado en la Plaza Mariano Moreno.<\/p>\n","protected":false},"author":3,"featured_media":17794,"comment_status":"closed","ping_status":"closed","sticky":false,"template":"","format":"standard","meta":{"_monsterinsights_skip_tracking":false,"_monsterinsights_sitenote_active":false,"_monsterinsights_sitenote_note":"","_monsterinsights_sitenote_category":0,"footnotes":""},"categories":[5],"tags":[228,4464,7571,7570],"class_list":["post-17793","post","type-post","status-publish","format-standard","has-post-thumbnail","hentry","category-sociedad","tag-festival","tag-fotografo","tag-grillo","tag-solidaridad"],"_links":{"self":[{"href":"https:\/\/www.visionweb.com.ar\/index.php?rest_route=\/wp\/v2\/posts\/17793","targetHints":{"allow":["GET"]}}],"collection":[{"href":"https:\/\/www.visionweb.com.ar\/index.php?rest_route=\/wp\/v2\/posts"}],"about":[{"href":"https:\/\/www.visionweb.com.ar\/index.php?rest_route=\/wp\/v2\/types\/post"}],"author":[{"embeddable":true,"href":"https:\/\/www.visionweb.com.ar\/index.php?rest_route=\/wp\/v2\/users\/3"}],"replies":[{"embeddable":true,"href":"https:\/\/www.visionweb.com.ar\/index.php?rest_route=%2Fwp%2Fv2%2Fcomments&post=17793"}],"version-history":[{"count":1,"href":"https:\/\/www.visionweb.com.ar\/index.php?rest_route=\/wp\/v2\/posts\/17793\/revisions"}],"predecessor-version":[{"id":17795,"href":"https:\/\/www.visionweb.com.ar\/index.php?rest_route=\/wp\/v2\/posts\/17793\/revisions\/17795"}],"wp:featuredmedia":[{"embeddable":true,"href":"https:\/\/www.visionweb.com.ar\/index.php?rest_route=\/wp\/v2\/media\/17794"}],"wp:attachment":[{"href":"https:\/\/www.visionweb.com.ar\/index.php?rest_route=%2Fwp%2Fv2%2Fmedia&parent=17793"}],"wp:term":[{"taxonomy":"category","embeddable":true,"href":"https:\/\/www.visionweb.com.ar\/index.php?rest_route=%2Fwp%2Fv2%2Fcategories&post=17793"},{"taxonomy":"post_tag","embeddable":true,"href":"https:\/\/www.visionweb.com.ar\/index.php?rest_route=%2Fwp%2Fv2%2Ftags&post=17793"}],"curies":[{"name":"wp","href":"https:\/\/api.w.org\/{rel}","templated":true}]}}