{"id":17788,"date":"2025-04-11T10:50:07","date_gmt":"2025-04-11T13:50:07","guid":{"rendered":"https:\/\/www.visionweb.com.ar\/?p=17788"},"modified":"2025-04-11T10:50:07","modified_gmt":"2025-04-11T13:50:07","slug":"trabajadores-del-peaje-500-despidos-en-puerta-en-la-autopista-riccheri","status":"publish","type":"post","link":"https:\/\/www.visionweb.com.ar\/?p=17788","title":{"rendered":"Trabajadores del peaje: 500 despidos en puerta en la Autopista Riccheri \u00a0"},"content":{"rendered":"<p><em><strong>L<\/strong><strong>a protesta del gremio SUPTA contempla la liberaci\u00f3n del cobro de peajes a los veh\u00edculos. Ocurre a la altura de Mercado Central y en sentido a Provincia. Reclaman por despidos y condiciones laborales deficientes.<\/strong><\/em><!--more--><\/p>\n<p><img loading=\"lazy\" decoding=\"async\" class=\"size-medium wp-image-17789 alignright\" src=\"https:\/\/www.visionweb.com.ar\/wp-content\/uploads\/2025\/04\/autopista-ricchieri-300x185.png\" alt=\"\" width=\"300\" height=\"185\" srcset=\"https:\/\/www.visionweb.com.ar\/wp-content\/uploads\/2025\/04\/autopista-ricchieri-300x185.png 300w, https:\/\/www.visionweb.com.ar\/wp-content\/uploads\/2025\/04\/autopista-ricchieri.png 316w\" sizes=\"auto, (max-width: 300px) 100vw, 300px\" \/>\u00a0\u00a0 <strong>T<\/strong>rabajadores del <strong>peaje<\/strong>, nucleados en el <strong>Sindicato \u00danico de Trabajadores de Peajes y Afines<\/strong> (<strong>SUTPA<\/strong>) interrumpen <strong>parcialmente la circulaci\u00f3n en reclamo de certezas laborales<\/strong> y mejores condiciones de trabajo, con una medida de fuerza, <strong>que incluye el no cobro de tarifas a los veh\u00edculos<\/strong>.<\/p>\n<p>La medida, que comenz\u00f3 esta ma\u00f1ana a las 6, se produce un d\u00eda despu\u00e9s del paro general convocado por la CGT y genera largas demoras en el tr\u00e1nsito hacia la Ciudad de Buenos Aires.<\/p>\n<p>El conflicto tiene su origen en la <strong>finalizaci\u00f3n del contrato de concesi\u00f3n de Caminos del R\u00edo Uruguay S.A. (CRUSA), que operaba las rutas 12, 14 y el Puente Rosario-Victoria<\/strong>.<\/p>\n<p>A partir del fin de la concesi\u00f3n, esas trazas quedaron moment\u00e1neamente bajo la \u00f3rbita estatal, pero seg\u00fan denuncian desde el gremio, <strong>Vialidad Nacional no incorpor\u00f3 a los empleados que prestaban servicios en esos peajes, dej\u00e1ndolos en una situaci\u00f3n incierta<\/strong>.<\/p>\n<p>Protesta sin cobro y con carriles reducidos<\/p>\n<p>\u201c<strong>El objetivo es visibilizar el conflicto sin perjudicar a los usuarios con cortes de tr\u00e1nsito. Nuestra lucha no es s\u00f3lo por nosotros sino tambi\u00e9n por los 500 trabajadores de la empresa Caminos del R\u00edo Uruguay que han sido abandonados a su suerte por todos los Organismos del Estado que tienen responsabilidad sobre las rutas nacionales<\/strong>\u201d, expresaron desde SUTPA.<\/p>\n<p>La acci\u00f3n gremial, liderada por la <strong>secretaria general Florencia Ca\u00f1abate<\/strong> y con el respaldo del <strong>secretario adjunto Facundo Moyano<\/strong>, consisti\u00f3 <strong>en liberar el cobro del peaje<\/strong> y <strong>reducir el n\u00famero de carriles habilitados<\/strong> al tr\u00e1nsito. Tres de ellos fueron bloqueados de forma intermitente, generando importantes demoras, especialmente para quienes se dirig\u00edan hacia la Capital.<\/p>\n<p>\u201c<strong>Hay cuatro v\u00edas menos, pero ten\u00e9s 14 por donde pueden transitar los veh\u00edculos. Estamos concentrando ac\u00e1 con trabajadores de la actividad y los peajes de todo el pa\u00eds est\u00e1n liberados<\/strong>\u201d, explic\u00f3 <strong>Ca\u00f1abate<\/strong> en di\u00e1logo con los medios de prensa presentes en el lugar.<\/p>\n<p>La referente del gremio remarc\u00f3 que el prop\u00f3sito de la medida fue <strong>exponer p\u00fablicamente la situaci\u00f3n<\/strong> que, de no resolverse, podr\u00eda escalar en magnitud.<\/p>\n<p>Los reclamos por sueldos y condiciones laborales<\/p>\n<p>Entre los principales puntos que motivaron la acci\u00f3n se encuentra la diferencia salarial entre los empleados de Corredores Viales y otros trabajadores del sector, una brecha que alcanzar\u00eda el 20%. A esto se suman reclamos por mejores condiciones de seguridad e higiene en el \u00e1mbito laboral.<\/p>\n<p>\u201c<strong>Estamos visibilizando una problem\u00e1tica que tenemos y es nuestro lugar de trabajo. No somos de cortar rutas ni mucho menos, pero entendemos que la mejor forma de visibilizar es en nuestro puesto de trabajo<\/strong>\u201d, a\u00f1adi\u00f3 Ca\u00f1abate.<\/p>\n<p>A la vez, Ca\u00f1abate alert\u00f3 por el <strong>futuro de 3.500 empleados<\/strong> si el Gobierno mantiene esta l\u00ednea de desentendimiento con respecto a los trabajadores del rubro.<\/p>\n<p>El corte en la Riccheri representa un <strong>nuevo cap\u00edtulo de tensi\u00f3n entre el Gobierno nacional y los sindicatos<\/strong>, que en los \u00faltimos d\u00edas intensificaron su presencia en las calles ante la falta de respuestas oficiales.<\/p>\n<p>Mientras tanto, los trabajadores del peaje esperan una <strong>definici\u00f3n urgente que evite la p\u00e9rdida masiva de empleos<\/strong> y garantice condiciones dignas para el desempe\u00f1o de sus tareas. <strong>(VW)<\/strong><\/p>\n<p>&nbsp;<\/p>\n","protected":false},"excerpt":{"rendered":"<p>La protesta del gremio SUPTA contempla la liberaci\u00f3n del cobro de peajes a los veh\u00edculos. Ocurre a la altura de Mercado Central y en sentido a Provincia. Reclaman por despidos y condiciones laborales deficientes.<\/p>\n","protected":false},"author":4,"featured_media":17789,"comment_status":"closed","ping_status":"closed","sticky":false,"template":"","format":"standard","meta":{"_monsterinsights_skip_tracking":false,"_monsterinsights_sitenote_active":false,"_monsterinsights_sitenote_note":"","_monsterinsights_sitenote_category":0,"footnotes":""},"categories":[4,5],"tags":[7566,7568,7567,7565,7564,7562,7563],"class_list":["post-17788","post","type-post","status-publish","format-standard","has-post-thumbnail","hentry","category-politica","category-sociedad","tag-500-despidos","tag-facundo-moyano","tag-florencia-canabate","tag-pase-libre-por-protestas","tag-protestan-con-libre-pago","tag-sutpa","tag-trabajadores-del-peaje"],"_links":{"self":[{"href":"https:\/\/www.visionweb.com.ar\/index.php?rest_route=\/wp\/v2\/posts\/17788","targetHints":{"allow":["GET"]}}],"collection":[{"href":"https:\/\/www.visionweb.com.ar\/index.php?rest_route=\/wp\/v2\/posts"}],"about":[{"href":"https:\/\/www.visionweb.com.ar\/index.php?rest_route=\/wp\/v2\/types\/post"}],"author":[{"embeddable":true,"href":"https:\/\/www.visionweb.com.ar\/index.php?rest_route=\/wp\/v2\/users\/4"}],"replies":[{"embeddable":true,"href":"https:\/\/www.visionweb.com.ar\/index.php?rest_route=%2Fwp%2Fv2%2Fcomments&post=17788"}],"version-history":[{"count":1,"href":"https:\/\/www.visionweb.com.ar\/index.php?rest_route=\/wp\/v2\/posts\/17788\/revisions"}],"predecessor-version":[{"id":17790,"href":"https:\/\/www.visionweb.com.ar\/index.php?rest_route=\/wp\/v2\/posts\/17788\/revisions\/17790"}],"wp:featuredmedia":[{"embeddable":true,"href":"https:\/\/www.visionweb.com.ar\/index.php?rest_route=\/wp\/v2\/media\/17789"}],"wp:attachment":[{"href":"https:\/\/www.visionweb.com.ar\/index.php?rest_route=%2Fwp%2Fv2%2Fmedia&parent=17788"}],"wp:term":[{"taxonomy":"category","embeddable":true,"href":"https:\/\/www.visionweb.com.ar\/index.php?rest_route=%2Fwp%2Fv2%2Fcategories&post=17788"},{"taxonomy":"post_tag","embeddable":true,"href":"https:\/\/www.visionweb.com.ar\/index.php?rest_route=%2Fwp%2Fv2%2Ftags&post=17788"}],"curies":[{"name":"wp","href":"https:\/\/api.w.org\/{rel}","templated":true}]}}