{"id":17781,"date":"2025-04-10T13:50:11","date_gmt":"2025-04-10T16:50:11","guid":{"rendered":"https:\/\/www.visionweb.com.ar\/?p=17781"},"modified":"2025-04-10T13:50:11","modified_gmt":"2025-04-10T16:50:11","slug":"legislatura-bonaerense-buscan-que-la-educacion-sea-servicio-esencial-para-evitar-paros-docentes","status":"publish","type":"post","link":"https:\/\/www.visionweb.com.ar\/?p=17781","title":{"rendered":"Legislatura bonaerense: Buscan que la educaci\u00f3n sea \u201cservicio esencial\u201d para evitar paros docentes"},"content":{"rendered":"<p><em><strong>Reflotan un proyecto de ley para declarar la educaci\u00f3n como servicio esencial en la Provincia. \u201cLa suspensi\u00f3n de las clases, a\u00fan en virtud de leg\u00edtimos reclamos de los docentes, en s\u00ed misma es una vulneraci\u00f3n al mismo derecho que el reclamo dice custodiar\u201d, dijo Retamoso.<\/strong><\/em><!--more--><\/p>\n<p><strong> <img loading=\"lazy\" decoding=\"async\" class=\"size-full wp-image-1452 alignright\" src=\"https:\/\/www.visionweb.com.ar\/wp-content\/uploads\/2021\/04\/aulas-vacias-1.bmp\" alt=\"\" width=\"496\" height=\"250\" \/>\u00a0\u00a0 E<\/strong>n las \u00faltimas horas en la\u00a0<strong>Legislatura Bonaerense\u00a0<\/strong>ingres\u00f3 un proyecto de <strong>ley para declarar la educaci\u00f3n como servicio esencial<\/strong>, de la senadora del bloque de\u00a0<strong>La Libertad Avanza\u00a0<\/strong>(<strong>LLA<\/strong>),\u00a0<strong><a href=\"https:\/\/www.hcdiputados-ba.gov.ar\/index.php?page=diputado&amp;id=22023389\">Florencia Retamoso<\/a><\/strong>.<\/p>\n<p>En concreto, la iniciativa <strong>impedir\u00eda a los docentes realizar\u00a0paro de clases\u00a0<\/strong>para llevar adelante reclamos gremiales.<\/p>\n<p>En los fundamentos del proyecto, <strong>Retamoso<\/strong> detall\u00f3 que \u201cLa educaci\u00f3n es un derecho fundamental reconocido por la Constituci\u00f3n Nacional y diversos tratados internacionales,<strong>\u00a0es imprescindible garantizar el acceso a una educaci\u00f3n de calidad\u00a0<\/strong>para todos los ni\u00f1os, ni\u00f1as y adolescentes, sin importar su origen socioecon\u00f3mico o lugar de residencia\u201d.<\/p>\n<p>En esa l\u00ednea, la\u00a0senadora bonaerense<strong>\u00a0<\/strong>libertaria propone en el texto\u00a0<strong>declarar la educaci\u00f3n como servicio esencial\u00a0<\/strong>para asegurar la continuidad del ciclo lectivo, y fomentar la resoluci\u00f3n pac\u00edfica de los conflictos entre las autoridades educativas y los gremios docentes, priorizando el bienestar de los alumnos.<\/p>\n<p>En ese marco,\u00a0<strong>Retamoso<\/strong>\u00a0quiere <strong>declarar la educaci\u00f3n p\u00fablica, en todos sus niveles y modalidades, un servicio estrat\u00e9gico esencial de inter\u00e9s p\u00fablico<\/strong>. Por ende, ser\u00e1 obligaci\u00f3n de la administraci\u00f3n provincial garantizar el efectivo cumplimiento de los d\u00edas establecidos en el calendario escolar obligatorio.<\/p>\n<p>Adem\u00e1s, el articulado establece la obligaci\u00f3n de las autoridades educativas y los gremios docentes a mantener una comunicaci\u00f3n constante y de buena fe, para que la resoluci\u00f3n de esos conflictos permitan garantizar la continuidad del servicio educativo.<\/p>\n<p>No obstante, en caso de que los conflictos no encuentren su resoluci\u00f3n, las partes involucradas deber\u00e1n <strong>recurrir a mecanismos de mediaci\u00f3n y conciliaci\u00f3n establecidos por la legislaci\u00f3n laboral<\/strong>, con el fin de garantizar la pronta soluci\u00f3n de los mismos,<strong>\u00a0y evitar as\u00ed la interrupci\u00f3n de las clases<\/strong>.<\/p>\n<p>Asimismo, el proyecto de\u00a0<strong>Retamoso<\/strong>\u00a0propone<strong>\u00a0instrumentar sanciones para aquellos gremios o personas que obstaculicen de manera deliberada el derecho a la educaci\u00f3n<\/strong>\u00a0de los ni\u00f1os, ni\u00f1as y adolescentes, en forma de multas econ\u00f3micas y otras medidas disciplinarias previstas por la legislaci\u00f3n vigente.<\/p>\n<p>\u201c<strong>La suspensi\u00f3n de las clases, a\u00fan en virtud de leg\u00edtimos reclamos de los docentes, en s\u00ed misma es una vulneraci\u00f3n al mismo derecho que el reclamo dice custodiar<\/strong>\u201d, concluy\u00f3 la legisladora.<\/p>\n<p>Antecedentes:<\/p>\n<p>Cabe recordar, que en junio del a\u00f1o pasado, la\u00a0<strong>comisi\u00f3n de\u00a0Educaci\u00f3n\u00a0<\/strong>de la\u00a0<strong>C\u00e1mara de Diputados de la Naci\u00f3n<\/strong>\u00a0dio dictamen favorable al proyecto redactado por los legisladores del PRO,\u00a0<strong>Alejandro<\/strong>\u00a0<strong>Finocchiaro\u00a0<\/strong>y\u00a0<strong>Cristian Ritondo<\/strong>, para\u00a0<strong>declarar la educaci\u00f3n como servicio esencial<\/strong>\u00a0con el fin de garantizar los 180 d\u00edas de clase.<\/p>\n<p>\u201c<strong>Si esto se convierte en ley, significa que en caso de que haya una huelga docente la escuela debe estar abierta<\/strong>. Durante los dos primeros d\u00edas de protesta, tiene que haber una guardia m\u00ednima de directivos (docentes y no docentes) del 30% y, a partir del tercer d\u00eda, se eleva al 50%, se deben dar clases en d\u00edas y horarios habituales\u201d, explic\u00f3\u00a0en aquella oportunidad\u00a0<strong>Finocchiaro<\/strong>.<\/p>\n<p>\u201c<strong>Lo que nosotros decimos es que hay un conflicto entre dos derechos.<\/strong>\u00a0La educaci\u00f3n, que para m\u00ed es un derecho humano esencial que debe ser garantizado por el Estado y que est\u00e1 garantizado por el Estado tanto en la Constituci\u00f3n nacional como en la provincial, y el derecho a la huelga docente\u201d, plante\u00f3\u00a0<strong>Guillermo Castello<\/strong>,\u00a0en ocasi\u00f3n de la<strong> presentaci\u00f3n de su tercer proyecto <\/strong>a los fines expuestos.<strong> (VW)<\/strong><\/p>\n<p>&nbsp;<\/p>\n","protected":false},"excerpt":{"rendered":"<p>Reflotan un proyecto de ley para declarar la educaci\u00f3n como servicio esencial en la Provincia. \u201cLa suspensi\u00f3n de las clases, a\u00fan en virtud de leg\u00edtimos reclamos de los docentes, en s\u00ed misma es una&#46;&#46;&#46;<\/p>\n","protected":false},"author":4,"featured_media":1452,"comment_status":"closed","ping_status":"closed","sticky":false,"template":"","format":"standard","meta":{"_monsterinsights_skip_tracking":false,"_monsterinsights_sitenote_active":false,"_monsterinsights_sitenote_note":"","_monsterinsights_sitenote_category":0,"footnotes":""},"categories":[7,4],"tags":[7559,7557,2240,7558],"class_list":["post-17781","post","type-post","status-publish","format-standard","has-post-thumbnail","hentry","category-educacion-y-cultura","category-politica","tag-educacion-servicio-esencial","tag-florencia-retamoso","tag-legislatura-bonaerense","tag-senado-proyecto"],"_links":{"self":[{"href":"https:\/\/www.visionweb.com.ar\/index.php?rest_route=\/wp\/v2\/posts\/17781","targetHints":{"allow":["GET"]}}],"collection":[{"href":"https:\/\/www.visionweb.com.ar\/index.php?rest_route=\/wp\/v2\/posts"}],"about":[{"href":"https:\/\/www.visionweb.com.ar\/index.php?rest_route=\/wp\/v2\/types\/post"}],"author":[{"embeddable":true,"href":"https:\/\/www.visionweb.com.ar\/index.php?rest_route=\/wp\/v2\/users\/4"}],"replies":[{"embeddable":true,"href":"https:\/\/www.visionweb.com.ar\/index.php?rest_route=%2Fwp%2Fv2%2Fcomments&post=17781"}],"version-history":[{"count":1,"href":"https:\/\/www.visionweb.com.ar\/index.php?rest_route=\/wp\/v2\/posts\/17781\/revisions"}],"predecessor-version":[{"id":17782,"href":"https:\/\/www.visionweb.com.ar\/index.php?rest_route=\/wp\/v2\/posts\/17781\/revisions\/17782"}],"wp:featuredmedia":[{"embeddable":true,"href":"https:\/\/www.visionweb.com.ar\/index.php?rest_route=\/wp\/v2\/media\/1452"}],"wp:attachment":[{"href":"https:\/\/www.visionweb.com.ar\/index.php?rest_route=%2Fwp%2Fv2%2Fmedia&parent=17781"}],"wp:term":[{"taxonomy":"category","embeddable":true,"href":"https:\/\/www.visionweb.com.ar\/index.php?rest_route=%2Fwp%2Fv2%2Fcategories&post=17781"},{"taxonomy":"post_tag","embeddable":true,"href":"https:\/\/www.visionweb.com.ar\/index.php?rest_route=%2Fwp%2Fv2%2Ftags&post=17781"}],"curies":[{"name":"wp","href":"https:\/\/api.w.org\/{rel}","templated":true}]}}