{"id":17779,"date":"2025-04-10T09:03:12","date_gmt":"2025-04-10T12:03:12","guid":{"rendered":"https:\/\/www.visionweb.com.ar\/?p=17779"},"modified":"2025-04-10T09:03:12","modified_gmt":"2025-04-10T12:03:12","slug":"masiva-movilizacion-de-jubilados-en-congreso","status":"publish","type":"post","link":"https:\/\/www.visionweb.com.ar\/?p=17779","title":{"rendered":"Masiva movilizaci\u00f3n de jubilados en Congreso"},"content":{"rendered":"<p><em><strong>Desde la ma\u00f1ana, se observ\u00f3 una significativa presencia de efectivos y veh\u00edculos de las fuerzas de seguridad en las inmediaciones del Congreso.<\/strong><\/em><!--more--><\/p>\n<p><img loading=\"lazy\" decoding=\"async\" class=\"size-medium wp-image-15635 alignright\" src=\"https:\/\/www.visionweb.com.ar\/wp-content\/uploads\/2024\/08\/PROTESTAS-DE-JUBILADOS-300x180.png\" alt=\"\" width=\"300\" height=\"180\" srcset=\"https:\/\/www.visionweb.com.ar\/wp-content\/uploads\/2024\/08\/PROTESTAS-DE-JUBILADOS-300x180.png 300w, https:\/\/www.visionweb.com.ar\/wp-content\/uploads\/2024\/08\/PROTESTAS-DE-JUBILADOS.png 640w\" sizes=\"auto, (max-width: 300px) 100vw, 300px\" \/>La masiva movilizaci\u00f3n de jubilados que se concert\u00f3 este mi\u00e9rcoles en la zona del Congreso de la Naci\u00f2n, cont\u00f3 con el apoyo de la CGT,\u00a0 (lo hizo por primera vez en mucho tiempo)\u00a0 y las dos CTA, para exigir <strong>mejoras en sus haberes, la restituci\u00f3n del 100% de descuento en medicamentos del PAMI y, la continuidad de la moratoria previsional<\/strong><\/p>\n<p>Adem\u00e1s, <strong>\u00a0reclamaron la continuidad de la moratoria y manifestaron su rechazo a las pol\u00edticas de ajuste.<\/strong><\/p>\n<p>La \u00a0movilizaci\u00f3n comenz\u00f3 a las 15 y tuvo su acto central poco antes de las 17, que cont\u00f3 con el respaldo de importantes sindicatos y organizaciones sociales, entre ellos la Confederaci\u00f3n General del Trabajo (CGT), las dos CTA, La Bancaria, la UOM, SMATA, Camioneros y Sanidad. Esta movilizaci\u00f3n se llev\u00f3 a cabo un d\u00eda antes del tercer paro general convocado por estas centrales obreras para el jueves 10 de abril.<\/p>\n<p>En cuanto al operativo de seguridad, se implement\u00f3 un vallado perimetral alrededor del Congreso. Las fuerzas federales, incluyendo la Polic\u00eda Federal, Gendarmer\u00eda Nacional, Prefectura Naval y la Polic\u00eda de Seguridad Aeroportuaria (PSA), se posicionaron junto al vallado, mientras que la Polic\u00eda de la Ciudad se encarg\u00f3 de la seguridad en las calles adyacentes.<\/p>\n<p>Desde la ma\u00f1ana, se observ\u00f3 una significativa presencia de efectivos y veh\u00edculos de las fuerzas de seguridad en las inmediaciones del Congreso, incluyendo camiones hidrantes y personal motorizado. Por otro lado, se realizaron cortes de calles en la zona a medida que avance la movilizaci\u00f3n, afectando arterias como Bartolom\u00e9 Mitre, Presidente S\u00e1enz Pe\u00f1a, Adolfo Alsina y Ayacucho.<\/p>\n<p>La CGT y otros sindicatos se movilizaron a partir de las 12 desde la intersecci\u00f3n de Hip\u00f3lito Yrigoyen y Sol\u00eds hacia el Congreso. Por su parte, las agrupaciones de jubilados se concentraron a partir de las 15 en Avenida Rivadavia, entre Callao y Combate de los Pozos. Asimismo, la CTA Aut\u00f3noma, la CTA de los Trabajadores y ATE se reunieron en Avenida Rivadavia y Montevideo.<\/p>\n<p>Esta manifestaci\u00f3n se enmarca en una serie de protestas que los jubilados vienen realizando cada mi\u00e9rcoles, en demanda de mejoras en sus condiciones de vida y en defensa de sus derechos previsionales.<strong>(VW)<\/strong><\/p>\n","protected":false},"excerpt":{"rendered":"<p>Desde la ma\u00f1ana, se observ\u00f3 una significativa presencia de efectivos y veh\u00edculos de las fuerzas de seguridad en las inmediaciones del Congreso.<\/p>\n","protected":false},"author":3,"featured_media":15635,"comment_status":"closed","ping_status":"closed","sticky":false,"template":"","format":"standard","meta":{"_monsterinsights_skip_tracking":false,"_monsterinsights_sitenote_active":false,"_monsterinsights_sitenote_note":"","_monsterinsights_sitenote_category":0,"footnotes":""},"categories":[4,5],"tags":[485,57,569,7556],"class_list":["post-17779","post","type-post","status-publish","format-standard","has-post-thumbnail","hentry","category-politica","category-sociedad","tag-congreso","tag-gremios","tag-jubilados","tag-movilziacion"],"_links":{"self":[{"href":"https:\/\/www.visionweb.com.ar\/index.php?rest_route=\/wp\/v2\/posts\/17779","targetHints":{"allow":["GET"]}}],"collection":[{"href":"https:\/\/www.visionweb.com.ar\/index.php?rest_route=\/wp\/v2\/posts"}],"about":[{"href":"https:\/\/www.visionweb.com.ar\/index.php?rest_route=\/wp\/v2\/types\/post"}],"author":[{"embeddable":true,"href":"https:\/\/www.visionweb.com.ar\/index.php?rest_route=\/wp\/v2\/users\/3"}],"replies":[{"embeddable":true,"href":"https:\/\/www.visionweb.com.ar\/index.php?rest_route=%2Fwp%2Fv2%2Fcomments&post=17779"}],"version-history":[{"count":1,"href":"https:\/\/www.visionweb.com.ar\/index.php?rest_route=\/wp\/v2\/posts\/17779\/revisions"}],"predecessor-version":[{"id":17780,"href":"https:\/\/www.visionweb.com.ar\/index.php?rest_route=\/wp\/v2\/posts\/17779\/revisions\/17780"}],"wp:featuredmedia":[{"embeddable":true,"href":"https:\/\/www.visionweb.com.ar\/index.php?rest_route=\/wp\/v2\/media\/15635"}],"wp:attachment":[{"href":"https:\/\/www.visionweb.com.ar\/index.php?rest_route=%2Fwp%2Fv2%2Fmedia&parent=17779"}],"wp:term":[{"taxonomy":"category","embeddable":true,"href":"https:\/\/www.visionweb.com.ar\/index.php?rest_route=%2Fwp%2Fv2%2Fcategories&post=17779"},{"taxonomy":"post_tag","embeddable":true,"href":"https:\/\/www.visionweb.com.ar\/index.php?rest_route=%2Fwp%2Fv2%2Ftags&post=17779"}],"curies":[{"name":"wp","href":"https:\/\/api.w.org\/{rel}","templated":true}]}}