{"id":17776,"date":"2025-04-10T08:48:53","date_gmt":"2025-04-10T11:48:53","guid":{"rendered":"https:\/\/www.visionweb.com.ar\/?p=17776"},"modified":"2025-04-10T08:49:28","modified_gmt":"2025-04-10T11:49:28","slug":"el-kirchnerismo-bonaerense-quiere-voltear-el-desdoblamiento-de-las-elecciones-bonaerenses","status":"publish","type":"post","link":"https:\/\/www.visionweb.com.ar\/?p=17776","title":{"rendered":"El kirchnerismo bonaerense quiere voltear el desdoblamiento de las elecciones provinciales"},"content":{"rendered":"<p><em><strong> A pesar de que nadie las quiere, las PASO bonaerenses siguen vigentes y fechadas para el 13 de julio.<\/strong><\/em><!--more--><\/p>\n<p><img loading=\"lazy\" decoding=\"async\" class=\"size-medium wp-image-17541 alignright\" src=\"https:\/\/www.visionweb.com.ar\/wp-content\/uploads\/2025\/03\/ELECCIONES-300x166.png\" alt=\"\" width=\"300\" height=\"166\" srcset=\"https:\/\/www.visionweb.com.ar\/wp-content\/uploads\/2025\/03\/ELECCIONES-300x166.png 300w, https:\/\/www.visionweb.com.ar\/wp-content\/uploads\/2025\/03\/ELECCIONES.png 640w\" sizes=\"auto, (max-width: 300px) 100vw, 300px\" \/>El\u00a0<strong>presidente del bloque de diputados de Uni\u00f3n por la Patria<\/strong>\u00a0(<strong>UxP<\/strong>) en la\u00a0<strong>Legislatura bonaerense<\/strong>,\u00a0<strong>Facundo Tignanelli<\/strong>, critic\u00f3 la decisi\u00f3n de\u00a0<strong>Axel Kicillof<\/strong>\u00a0de\u00a0<a href=\"https:\/\/dib.com.ar\/2025\/04\/desdoblamiento-kicillof-anuncio-que-se-votara-el-7-de-septiembre-y-uxp-quedo-cerca-de-la-ruptura\/\">desdoblar las elecciones provinciales<\/a>\u00a0y asegur\u00f3 que buscar\u00e1n voltear el decreto que firm\u00f3 el gobernador.<\/p>\n<p>En un nuevo cap\u00edtulo de la tensi\u00f3n que vive el peronismo y de los dichos de funcionarios como\u00a0<strong><a href=\"https:\/\/dib.com.ar\/2025\/04\/larroque-recargado-el-problema-es-maximo-y-un-pequeno-grupito-que-lo-rodea\/\">Andr\u00e9s Larroque que calific\u00f3 esas actitudes como \u201cgolpe institucional\u201d<\/a><\/strong>, el legislador integrante de La C\u00e1mpora consider\u00f3 que el\u00a0<strong>gobernador\u00a0<\/strong>actu\u00f3 de manera unilateral y lament\u00f3 que la medida interrumpiera una instancia de di\u00e1logo pol\u00edtico hacia adentro del\u00a0<strong>peronismo\u00a0<\/strong>que a\u00fan no hab\u00eda concluido.<\/p>\n<p>En ese sentido, dijo que no solo buscar\u00e1n revertir la decisi\u00f3n de Kicillof, sino que tambi\u00e9n avanzar con la suspensi\u00f3n de las PASO, para que los bonaerenses vayan a las urnas solo el 26 de octubre, cuando se elegir\u00e1n cargos nacionales.\u00a0<strong>\u201cQueremos hacer caer los dos decretos para que los bonaerenses vayan a votar un solo d\u00eda\u201d<\/strong>, dijo a FM Concepto, consign\u00f3 la agencia DIB.<\/p>\n<p>Actualmente, en la Legislatura hay diferentes proyectos para ordenar el cronograma electoral. A pesar de que nadie las quiere, las PASO bonaerenses siguen vigentes y fechadas para el 13 de julio. El 7 de septiembre son las generales (si se conserva el desdoblamiento impulsado por Kicillof) y el 26 de octubre ser\u00e1n las nacionales (que no tienen primarias).<\/p>\n<p>Tambi\u00e9n Tignanelli us\u00f3 las redes sociales para sentar su posici\u00f3n y aclarar que\u00a0<strong>la mayor\u00eda de los senadores no quer\u00eda separar los comicios<\/strong>, sino todo lo contrario,\u00a0<strong>unificarlos en una sola jornada<\/strong>. Desde su cuenta en X, fue contundente para contrastar versiones que mostraban la falta de voluntad por la suspensi\u00f3n de las Primarias: \u201cBoludeces no. Dejen de inventar pavadas. 16 de 21 senadores peronistas firmaron un proyecto de suspensi\u00f3n de PASO y concurrencia encabezado por Teresa Garc\u00eda\u201d.<\/p>\n<p>En ese sentido, explic\u00f3 que\u00a0esos\u00a0<strong>16 senadores peronistas<\/strong>\u00a0firmaron un proyecto que apunta a\u00a0<strong>suspender las PASO<\/strong>\u00a0y la modalidad de\u00a0<strong>concurrencia<\/strong>, para que los bonaerenses voten\u00a0<strong>una sola vez<\/strong>, como lo viene reclamando Cristina Fern\u00e1ndez.<\/p>\n<p>En ese marco, pidi\u00f3 que se termine con la desinformaci\u00f3n y resalt\u00f3 que la intenci\u00f3n del<strong>\u00a0peronismo era que act\u00fae unido<\/strong>\u00a0frente al avance de las pol\u00edticas del gobierno de\u00a0<strong>Javier Milei<\/strong>. \u201cNosotros planteamos que debe ser en unidad del todo el peronismo para poder enfrentar las pol\u00edticas de ajuste de Milei. Y creemos que eso lo garantiza, entre otras cuestiones, en primer lugar, que se vote en un solo d\u00eda\u201d, agreg\u00f3. <strong>(VW)<\/strong><\/p>\n<p>Fuente: Agencia DIB<\/p>\n","protected":false},"excerpt":{"rendered":"<p>A pesar de que nadie las quiere, las PASO bonaerenses siguen vigentes y fechadas para el 13 de julio.<\/p>\n","protected":false},"author":3,"featured_media":17541,"comment_status":"closed","ping_status":"closed","sticky":false,"template":"","format":"standard","meta":{"_monsterinsights_skip_tracking":false,"_monsterinsights_sitenote_active":false,"_monsterinsights_sitenote_note":"","_monsterinsights_sitenote_category":0,"footnotes":""},"categories":[4],"tags":[650,7555,340,5089],"class_list":["post-17776","post","type-post","status-publish","format-standard","has-post-thumbnail","hentry","category-politica","tag-bonaerenses","tag-decreto-kicillof","tag-elecciones","tag-uxp"],"_links":{"self":[{"href":"https:\/\/www.visionweb.com.ar\/index.php?rest_route=\/wp\/v2\/posts\/17776","targetHints":{"allow":["GET"]}}],"collection":[{"href":"https:\/\/www.visionweb.com.ar\/index.php?rest_route=\/wp\/v2\/posts"}],"about":[{"href":"https:\/\/www.visionweb.com.ar\/index.php?rest_route=\/wp\/v2\/types\/post"}],"author":[{"embeddable":true,"href":"https:\/\/www.visionweb.com.ar\/index.php?rest_route=\/wp\/v2\/users\/3"}],"replies":[{"embeddable":true,"href":"https:\/\/www.visionweb.com.ar\/index.php?rest_route=%2Fwp%2Fv2%2Fcomments&post=17776"}],"version-history":[{"count":2,"href":"https:\/\/www.visionweb.com.ar\/index.php?rest_route=\/wp\/v2\/posts\/17776\/revisions"}],"predecessor-version":[{"id":17778,"href":"https:\/\/www.visionweb.com.ar\/index.php?rest_route=\/wp\/v2\/posts\/17776\/revisions\/17778"}],"wp:featuredmedia":[{"embeddable":true,"href":"https:\/\/www.visionweb.com.ar\/index.php?rest_route=\/wp\/v2\/media\/17541"}],"wp:attachment":[{"href":"https:\/\/www.visionweb.com.ar\/index.php?rest_route=%2Fwp%2Fv2%2Fmedia&parent=17776"}],"wp:term":[{"taxonomy":"category","embeddable":true,"href":"https:\/\/www.visionweb.com.ar\/index.php?rest_route=%2Fwp%2Fv2%2Fcategories&post=17776"},{"taxonomy":"post_tag","embeddable":true,"href":"https:\/\/www.visionweb.com.ar\/index.php?rest_route=%2Fwp%2Fv2%2Ftags&post=17776"}],"curies":[{"name":"wp","href":"https:\/\/api.w.org\/{rel}","templated":true}]}}