{"id":17758,"date":"2025-04-09T09:57:49","date_gmt":"2025-04-09T12:57:49","guid":{"rendered":"https:\/\/www.visionweb.com.ar\/?p=17758"},"modified":"2025-04-09T09:57:49","modified_gmt":"2025-04-09T12:57:49","slug":"a-pocas-horas-del-paro-se-modifican-los-servicios-urbanos-del-roca","status":"publish","type":"post","link":"https:\/\/www.visionweb.com.ar\/?p=17758","title":{"rendered":"A pocas horas del paro, se modifican los servicios urbanos del Roca"},"content":{"rendered":"<p><strong><em>Las autoridades sumaron que habr\u00e1\u00a0modificaciones en los horarios de los \u00faltimos servicios este mi\u00e9rcoles \u00a0e informaron que se deber\u00e1 consultar con detalle cada l\u00ednea y ramal en las cuentas oficiales.<\/em><\/strong><!--more--><\/p>\n<p><img loading=\"lazy\" decoding=\"async\" class=\"size-medium wp-image-16593 alignright\" src=\"https:\/\/www.visionweb.com.ar\/wp-content\/uploads\/2024\/12\/trenes-caos-300x182.png\" alt=\"\" width=\"300\" height=\"182\" srcset=\"https:\/\/www.visionweb.com.ar\/wp-content\/uploads\/2024\/12\/trenes-caos-300x182.png 300w, https:\/\/www.visionweb.com.ar\/wp-content\/uploads\/2024\/12\/trenes-caos.png 547w\" sizes=\"auto, (max-width: 300px) 100vw, 300px\" \/>Los trenes no funcionar\u00e1n los trenes ma\u00f1ana por el paro general convocado por la Confederaci\u00f3n General del Trabajo (CGT), pero <strong>este mi\u00e9rcoles habr\u00e1 modificaciones en los \u00faltimos servicios de la jornada. \u00bfQu\u00e9 pasa con el tren Roca?<\/strong><\/p>\n<p>Conforme a la informaci\u00f3n brindada por\u00a0Trenes Argentinos,\u00a0<strong>este jueves 10 de abril, producto del paro general, \u00a0del \u00e1rea metropolitana, los servicios regionales ni los de larga distancia<\/strong>.<\/p>\n<p>\u201cDicha decisi\u00f3n afectar\u00e1 a\u00a0m\u00e1s de un mill\u00f3n de pasajeros\u00a0y provocar\u00e1\u00a0p\u00e9rdidas econ\u00f3micas al Estado Nacional por 386 millones de pesos\u201d, informaron. Frente a esta medida, desde la compa\u00f1\u00eda ferroviaria dictaminaron que<strong>\u00a0\u201cdescontar\u00e1 el d\u00eda de sueldo a quienes no se presenten en su lugar de trabajo\u201d.<\/strong><\/p>\n<p>A su vez, las autoridades sumaron que\u00a0habr\u00e1\u00a0<strong>modificaciones en los horarios de los \u00faltimos servicios<\/strong>\u00a0este mi\u00e9rcoles \u00a0e informaron que se deber\u00e1 consultar con detalle cada l\u00ednea y ramal en las cuentas oficiales.<\/p>\n<h2 class=\"wp-block-heading\">L\u00cdNEA ROCA<\/h2>\n<p>Ramal La Plata<\/p>\n<p>Constituci\u00f3n-La Plata: 20:55<\/p>\n<p>Constituci\u00f3n-Berazategui: 22:02<\/p>\n<p>Constituci\u00f3n-Villa Elisa: 21:28<\/p>\n<p>La Plata-Constituci\u00f3n: 21:14<\/p>\n<p>Villa Elisa-Constituci\u00f3n: 22:36<\/p>\n<p><strong>Ramal Bosques v\u00eda Quilmes<\/strong><\/p>\n<p>Constituci\u00f3n-Bosques v\u00eda Quilmes: 21:42<\/p>\n<p>Bosques v\u00eda Quilmes-Constituci\u00f3n: 22:25<\/p>\n<p><strong>Ramal Bosques v\u00eda Temperley<\/strong><\/p>\n<p>Constituci\u00f3n-Bosques v\u00eda Temperley: 21:34<\/p>\n<p>Bosques v\u00eda Temperley-Constituci\u00f3n: 22:02<\/p>\n<p><strong>Ramal Korn<\/strong><\/p>\n<p>Constituci\u00f3n-A. Korn: 21:54<\/p>\n<p>Constituci\u00f3n-Burzaco: 22:24<\/p>\n<p>A. Korn-Constituci\u00f3n: 22:29<\/p>\n<p><strong>Ramal Ezeiza<\/strong><\/p>\n<p>Constituci\u00f3n-Ezeiza: 22:14<\/p>\n<p>Constituci\u00f3n-Llavallol: 22:58<\/p>\n<p>Ezeiza-Constituci\u00f3n: 22:36<\/p>\n<p><strong>Ramal Bosques-Guti\u00e9rrez<\/strong><\/p>\n<p>Bosques-Guti\u00e9rrez: 21:14<\/p>\n<p>Guti\u00e9rrez-Bosques: 21:44<\/p>\n<p><strong>Ramal Ezeiza-Ca\u00f1uelas<\/strong><\/p>\n<p>Ezeiza-Ca\u00f1uelas: 20:50<\/p>\n<p>Ca\u00f1uelas-Temperley: 22:24<\/p>\n<p>&nbsp;<\/p>\n","protected":false},"excerpt":{"rendered":"<p>Las autoridades sumaron que habr\u00e1\u00a0modificaciones en los horarios de los \u00faltimos servicios este mi\u00e9rcoles \u00a0e informaron que se deber\u00e1 consultar con detalle cada l\u00ednea y ramal en las cuentas oficiales.<\/p>\n","protected":false},"author":3,"featured_media":16593,"comment_status":"closed","ping_status":"closed","sticky":false,"template":"","format":"standard","meta":{"_monsterinsights_skip_tracking":false,"_monsterinsights_sitenote_active":false,"_monsterinsights_sitenote_note":"","_monsterinsights_sitenote_category":0,"footnotes":""},"categories":[8],"tags":[179,252,90],"class_list":["post-17758","post","type-post","status-publish","format-standard","has-post-thumbnail","hentry","category-interes-general","tag-horarios","tag-paro","tag-trenes"],"_links":{"self":[{"href":"https:\/\/www.visionweb.com.ar\/index.php?rest_route=\/wp\/v2\/posts\/17758","targetHints":{"allow":["GET"]}}],"collection":[{"href":"https:\/\/www.visionweb.com.ar\/index.php?rest_route=\/wp\/v2\/posts"}],"about":[{"href":"https:\/\/www.visionweb.com.ar\/index.php?rest_route=\/wp\/v2\/types\/post"}],"author":[{"embeddable":true,"href":"https:\/\/www.visionweb.com.ar\/index.php?rest_route=\/wp\/v2\/users\/3"}],"replies":[{"embeddable":true,"href":"https:\/\/www.visionweb.com.ar\/index.php?rest_route=%2Fwp%2Fv2%2Fcomments&post=17758"}],"version-history":[{"count":1,"href":"https:\/\/www.visionweb.com.ar\/index.php?rest_route=\/wp\/v2\/posts\/17758\/revisions"}],"predecessor-version":[{"id":17759,"href":"https:\/\/www.visionweb.com.ar\/index.php?rest_route=\/wp\/v2\/posts\/17758\/revisions\/17759"}],"wp:featuredmedia":[{"embeddable":true,"href":"https:\/\/www.visionweb.com.ar\/index.php?rest_route=\/wp\/v2\/media\/16593"}],"wp:attachment":[{"href":"https:\/\/www.visionweb.com.ar\/index.php?rest_route=%2Fwp%2Fv2%2Fmedia&parent=17758"}],"wp:term":[{"taxonomy":"category","embeddable":true,"href":"https:\/\/www.visionweb.com.ar\/index.php?rest_route=%2Fwp%2Fv2%2Fcategories&post=17758"},{"taxonomy":"post_tag","embeddable":true,"href":"https:\/\/www.visionweb.com.ar\/index.php?rest_route=%2Fwp%2Fv2%2Ftags&post=17758"}],"curies":[{"name":"wp","href":"https:\/\/api.w.org\/{rel}","templated":true}]}}