{"id":17751,"date":"2025-04-08T11:51:21","date_gmt":"2025-04-08T14:51:21","guid":{"rendered":"https:\/\/www.visionweb.com.ar\/?p=17751"},"modified":"2025-04-08T11:51:21","modified_gmt":"2025-04-08T14:51:21","slug":"vacuna-antigripal-comenzo-la-segunda-etapa-y-amplian-la-aplicacion-a-todos-los-grupos-de-riesgo","status":"publish","type":"post","link":"https:\/\/www.visionweb.com.ar\/?p=17751","title":{"rendered":"Vacuna antigripal: Comenz\u00f3 la segunda etapa y ampl\u00edan la aplicaci\u00f3n a todos los grupos de riesgo"},"content":{"rendered":"<p><strong><em>Se trata de la vacunaci\u00f3n para embarazadas, pu\u00e9rperas, ni\u00f1os de entre 6 meses y 2 a\u00f1os, personas de 2 a 64 a\u00f1os con factores de riesgo y personal estrat\u00e9gico.<\/em><\/strong><!--more--><\/p>\n<p><strong><img loading=\"lazy\" decoding=\"async\" class=\"size-medium wp-image-17752 alignright\" src=\"https:\/\/www.visionweb.com.ar\/wp-content\/uploads\/2025\/04\/vac-antigripal-235x300.png\" alt=\"\" width=\"235\" height=\"300\" srcset=\"https:\/\/www.visionweb.com.ar\/wp-content\/uploads\/2025\/04\/vac-antigripal-235x300.png 235w, https:\/\/www.visionweb.com.ar\/wp-content\/uploads\/2025\/04\/vac-antigripal.png 320w\" sizes=\"auto, (max-width: 235px) 100vw, 235px\" \/>\u00a0\u00a0\u00a0 E<\/strong>l <strong>Ministerio de Salud de la Provincia<\/strong> lleva adelante la\u00a0<strong>Campa\u00f1a Nacional de Vacunaci\u00f3n Antigripal 2025<\/strong>\u00a0que, como todos los a\u00f1os, est\u00e1 destinada a distintos grupos de riesgo y se articula por etapas.<\/p>\n<p>En esta instancia, y desde ayer comenz\u00f3 la vacunaci\u00f3n para<strong> embarazadas (en cualquier trimestre), pu\u00e9rperas (en los diez d\u00edas posteriores al parto, preferentemente antes del egreso de la maternidad), tambi\u00e9n menores de entre 6 meses y 2 a\u00f1os, personas de 2 a 64 a\u00f1os con factores de riesgo, y personal estrat\u00e9gico.<\/strong><\/p>\n<p>La inmunizaci\u00f3n es gratuita en todos los vacunatorios bonaerenses y la aplicaci\u00f3n se realiza en forma jerarquizada, de acuerdo con la implicancia de los factores de riesgo de cada grupo.<\/p>\n<p>En la etapa inicial de la campa\u00f1a los primeros grupos en recibir la vacuna fueron personal de salud y las personas mayores de 65 a\u00f1os.<\/p>\n<p>Los centros de vacunaci\u00f3n de los distritos de la provincia se pueden consultar en el siguiente link:\u00a0<a href=\"https:\/\/www.gba.gob.ar\/vacunacion\/#muni\">VACUNATORIOS<\/a>.<\/p>\n<p>Enfermedad viral respiratoria muy contagiosa<\/p>\n<p><strong>La gripe o influenza es una enfermedad viral respiratoria muy contagiosa<\/strong>, ya que se transmite de una persona a otra, por el contacto de gotitas provenientes de la v\u00eda respiratoria de personas infectadas que se propagan al toser, estornudar o tambi\u00e9n a trav\u00e9s de superficies u objetos contaminados con estas secreciones.<\/p>\n<p>La mayor\u00eda de los afectados se recupera en una o dos semanas, pero\u00a0<strong>en los grupos poblaciones de riesgo puede ocasionar graves complicaciones. Por eso, con la vacunaci\u00f3n antigripal se apunta a reducir las complicaciones, hospitalizaciones, secuelas y muertes<\/strong>\u00a0ocasionadas por la infecci\u00f3n por el virus influenza en la poblaci\u00f3n de riesgo.<\/p>\n<p><strong>La vacuna no requiere orden m\u00e9dica y puede aplicarse junto con otras del Calendario Nacional.<\/strong>\u00a0Para esto, es importante que toda persona que concurra al vacunatorio lleve su carnet y libreta de vacunaci\u00f3n, junto con la de sus hijos e hijas para su chequeo por parte del equipo de salud.<\/p>\n<p>Medidas de prevenci\u00f3n de la gripe:<\/p>\n<p>\u2013 Lavarse las manos regularmente o usar alcohol en gel.<\/p>\n<p>\u2013 No compartir utensilios, mates ni otros objetos de uso personal.<\/p>\n<p>\u2013 Ventilar los ambientes con frecuencia.<\/p>\n<p>\u2013 Taparse la boca con el pliegue del codo al toser o estornudar.\u00a0<strong>(VW)<\/strong><\/p>\n","protected":false},"excerpt":{"rendered":"<p>Se trata de la vacunaci\u00f3n para embarazadas, pu\u00e9rperas, ni\u00f1os de entre 6 meses y 2 a\u00f1os, personas de 2 a 64 a\u00f1os con factores de riesgo y personal estrat\u00e9gico.<\/p>\n","protected":false},"author":4,"featured_media":17752,"comment_status":"closed","ping_status":"closed","sticky":false,"template":"","format":"standard","meta":{"_monsterinsights_skip_tracking":false,"_monsterinsights_sitenote_active":false,"_monsterinsights_sitenote_note":"","_monsterinsights_sitenote_category":0,"footnotes":""},"categories":[5],"tags":[356,2043,7547],"class_list":["post-17751","post","type-post","status-publish","format-standard","has-post-thumbnail","hentry","category-sociedad","tag-provincia","tag-segunda-etapa","tag-vacunacion-antigripal"],"_links":{"self":[{"href":"https:\/\/www.visionweb.com.ar\/index.php?rest_route=\/wp\/v2\/posts\/17751","targetHints":{"allow":["GET"]}}],"collection":[{"href":"https:\/\/www.visionweb.com.ar\/index.php?rest_route=\/wp\/v2\/posts"}],"about":[{"href":"https:\/\/www.visionweb.com.ar\/index.php?rest_route=\/wp\/v2\/types\/post"}],"author":[{"embeddable":true,"href":"https:\/\/www.visionweb.com.ar\/index.php?rest_route=\/wp\/v2\/users\/4"}],"replies":[{"embeddable":true,"href":"https:\/\/www.visionweb.com.ar\/index.php?rest_route=%2Fwp%2Fv2%2Fcomments&post=17751"}],"version-history":[{"count":1,"href":"https:\/\/www.visionweb.com.ar\/index.php?rest_route=\/wp\/v2\/posts\/17751\/revisions"}],"predecessor-version":[{"id":17753,"href":"https:\/\/www.visionweb.com.ar\/index.php?rest_route=\/wp\/v2\/posts\/17751\/revisions\/17753"}],"wp:featuredmedia":[{"embeddable":true,"href":"https:\/\/www.visionweb.com.ar\/index.php?rest_route=\/wp\/v2\/media\/17752"}],"wp:attachment":[{"href":"https:\/\/www.visionweb.com.ar\/index.php?rest_route=%2Fwp%2Fv2%2Fmedia&parent=17751"}],"wp:term":[{"taxonomy":"category","embeddable":true,"href":"https:\/\/www.visionweb.com.ar\/index.php?rest_route=%2Fwp%2Fv2%2Fcategories&post=17751"},{"taxonomy":"post_tag","embeddable":true,"href":"https:\/\/www.visionweb.com.ar\/index.php?rest_route=%2Fwp%2Fv2%2Ftags&post=17751"}],"curies":[{"name":"wp","href":"https:\/\/api.w.org\/{rel}","templated":true}]}}