{"id":17748,"date":"2025-04-08T10:57:22","date_gmt":"2025-04-08T13:57:22","guid":{"rendered":"https:\/\/www.visionweb.com.ar\/?p=17748"},"modified":"2025-04-08T11:52:51","modified_gmt":"2025-04-08T14:52:51","slug":"rectores-del-pais-advirtieron-por-la-critica-situacion-del-sistema-cientifico-y-universitario-del-pais","status":"publish","type":"post","link":"https:\/\/www.visionweb.com.ar\/?p=17748","title":{"rendered":"Rectores del pa\u00eds advirtieron por la \u00abcr\u00edtica\u00bb situaci\u00f3n del sistema cient\u00edfico y universitario del pa\u00eds"},"content":{"rendered":"<p><strong><em>Fue en el marco del 93\u00b0 Plenario de Rectoras y Rectores del Consejo Interuniversitario Nacional (CIN) en San Luis, donde las autoridades universitarias analizaron la \u00abcompleja\u00bb situaci\u00f3n del sistema educativo superior.<\/em><\/strong><!--more--><\/p>\n<div id=\"attachment_17749\" style=\"width: 310px\" class=\"wp-caption alignright\"><img loading=\"lazy\" decoding=\"async\" aria-describedby=\"caption-attachment-17749\" class=\"wp-image-17749 size-medium\" src=\"https:\/\/www.visionweb.com.ar\/wp-content\/uploads\/2025\/04\/CIN-RECTORES-300x133.png\" alt=\"\" width=\"300\" height=\"133\" srcset=\"https:\/\/www.visionweb.com.ar\/wp-content\/uploads\/2025\/04\/CIN-RECTORES-300x133.png 300w, https:\/\/www.visionweb.com.ar\/wp-content\/uploads\/2025\/04\/CIN-RECTORES.png 640w\" sizes=\"auto, (max-width: 300px) 100vw, 300px\" \/><p id=\"caption-attachment-17749\" class=\"wp-caption-text\">El CIN Pidi\u00f3 la actualizaci\u00f3n de los presupuestos paras las universidades, la investigaci\u00f3n y la ciencia (Foto:AUNO)<\/p><\/div>\n<p>Los rectores y rectoras de las universidades p\u00fablicas nacionales advirtieron que <strong>\u201clas condiciones precarias a las que fue sometido el sistema universitario y cient\u00edfico nacional\u201d durante 2024 \u201cse profundizaron\u201d<\/strong>\u00a0en este 2025, por lo que exigieron al Gobierno de La Libertad Avanza (LLA) la recomposici\u00f3n del presupuesto del gasto de funcionamiento de las casas de altos de estudio del pa\u00eds.<\/p>\n<p>En el marco del\u00a0<strong>93\u00b0 Plenario de Rectoras y Rectores del Consejo Interuniversitario Nacional (CIN)<\/strong>, que se realiz\u00f3 en la provincia de\u00a0<strong>San Luis<\/strong>, las m\u00e1ximas autoridades de las universidades nacionales junto con representantes gremiales analizaron la \u201ccr\u00edtica\u201d situaci\u00f3n que atraviesa el sistema educativo superior del pa\u00eds debido a la pr\u00f3rroga del Presupuesto General de la Administraci\u00f3n Nacional.<\/p>\n<p>\u201cPor segundo a\u00f1o\u00a0<strong>no tenemos presupuesto aprobado y eso nunca es una buena<\/strong>\u00a0noticia para el sistema universitario\u201d, lament\u00f3 el CIN en la declaraci\u00f3n del Plenario, donde asegur\u00f3 que en material salarial \u201cel escenario es m\u00e1s sombr\u00edo y dram\u00e1tico\u201d.<\/p>\n<p>En este sentido, explicaron que desde la asunci\u00f3n de\u00a0<strong>Javier Milei<\/strong>\u00a0como Presidente de la Naci\u00f3n hubo un\u00a0<strong>\u201cdesfasaje\u201d del 80 por ciento entre la inflaci\u00f3n y los aumentos otorgados\u00a0<\/strong>hasta hoy, lo que consideraron \u201cinadmisible\u201d e \u201cinexplicable cuando se trata de esa manera a quienes tienen la responsabilidad de formar a los futuros profesionales de la Naci\u00f3n\u201d.<\/p>\n<p>Adem\u00e1s, remarcaron que l<strong>a situaci\u00f3n del sistema cient\u00edfico \u201ces a\u00fan m\u00e1s grave\u201d y corre riesgo de ser \u201cterminal\u201d<\/strong>\u00a0si las autoridades nacionales no toman medidas \u201cque reviertan la desinversi\u00f3n y el ajuste\u201d. \u201cHay que advertirlo con la gravedad que implica. Lo que se pierde en ciencia demandar\u00e1 d\u00e9cadas para recuperarse\u201d, apuntaron.<\/p>\n<p><strong>Infrastructura<\/strong><\/p>\n<p>En cuanto a las\u00a0<strong>obras de infraestructura<\/strong>, el Consejo explic\u00f3 que se encuentra\u00a0<strong>\u201cparalizadas\u201d<\/strong>, debido a que los fondos destinados a las mismas \u201cno se ejecutan o solo se hace parcialmente\u201d, mientras que\u00a0<strong>las becas estudiantiles \u201cno se convocan en tiempo y forma<\/strong>\u00a0y no se actualiza el valor del estipendio\u201d.<\/p>\n<p>\u201cNo solo nada ha cambiado en este nuevo a\u00f1o.<strong>\u00a0La situaci\u00f3n es m\u00e1s compleja que la del a\u00f1o anterior<\/strong>\u201d, plantearon, a la vez que destacaron el \u201cenorme esfuerzo\u201d que realiza la comunidad acad\u00e9mica para \u201csostener la continuidad de las actividades\u201d pese a \u201cprecariedad\u201d en la que se encuentra el sistema universitario.<\/p>\n<p>\u201cEntendemos esto como una reivindicaci\u00f3n del valor estrat\u00e9gico de la educaci\u00f3n superior, como un hecho que pone en evidencia, con contundencia, el valor de la universidad p\u00fablica argentina como pol\u00edtica de Estado. Pero hay que advertir que las posibilidades de sostener este esfuerzo descomunal no son infinitas.\u00a0<strong>Todo se va deteriorando de manera exponencial y, si no encontramos respuestas razonables a la situaci\u00f3n salarial y presupuestaria, no habr\u00e1 manera de continuar<\/strong>\u201d, sentenciaron.<\/p>\n<p>As\u00ed, el CIN reclam\u00f3 al Gobierno de Milei una<strong>\u00a0recomposici\u00f3n del presupuesto de gastos de funcionamiento<\/strong>, la transferencia de fondos previstos en el presupuesto reconducido para programas espec\u00edficos, la actualizaci\u00f3n de las becas estudiantiles, la reactivaci\u00f3n de la inversi\u00f3n en infraestructura y equipamiento, la reapertura del \u00e1mbito paritario nacional y una propuesta salarial \u201crazonable\u201d y consensuada en ese espacio.<\/p>\n<p>A su vez, propusieron la creaci\u00f3n de una comisi\u00f3n del Consejo para la\u00a0<strong>elaboraci\u00f3n de un proyecto de Ley de financiamiento universitario<\/strong>, a la par que ratificaron\u00a0<strong>\u201cla voluntad de di\u00e1logo\u201d<\/strong>\u00a0de la comunidad educativa y pidieron a las autoridades nacionales \u201cun \u00e1mbito que permita abordar responsablemente los problemas planteados y encontrar con celeridad respuesta\u201d.<\/p>\n<p>\u201cCreemos en el acceso a la educaci\u00f3n superior como un derecho, en el valor estrat\u00e9gico de la producci\u00f3n cient\u00edfica para transformar lo que nos pasa.\u00a0<strong>Creemos que lo que nos salva y nos hace libres es la educaci\u00f3n<\/strong>\u201d, concluyeron.<\/p>\n<p>Por otra parte, el CIN eligi\u00f3 al rector de la Universidad Nacional de La Pampa,\u00a0<strong>Oscal Alpa<\/strong>, como nuevo presidente, quien ser\u00e1 acompa\u00f1ado por su par de la Universidad Nacional de Rosario,\u00a0<strong>Franco Bartolacci<\/strong>, como vicepresidente para el periodo 2025-2026.<\/p>\n<p>\u201cEs necesario trabajar para transformar la universidad porque ser\u00e1 la manera de defenderla.\u00a0<strong>Tendremos que proyectar, y r\u00e1pidamente, un nuevo modelo de ley que nos permita financiar nuestras universidades\u00a0<\/strong>y, en el camino, repensarnos. Iniciamos el trayecto hacia la segunda reforma universitaria\u201d, asegur\u00f3 Alpa<strong>(VW)<\/strong>.<\/p>\n","protected":false},"excerpt":{"rendered":"<p>Fue en el marco del 93\u00b0 Plenario de Rectoras y Rectores del Consejo Interuniversitario Nacional (CIN) en San Luis, donde las autoridades universitarias analizaron la \u00abcompleja\u00bb situaci\u00f3n del sistema educativo superior.<\/p>\n","protected":false},"author":3,"featured_media":17749,"comment_status":"closed","ping_status":"closed","sticky":false,"template":"","format":"standard","meta":{"_monsterinsights_skip_tracking":false,"_monsterinsights_sitenote_active":false,"_monsterinsights_sitenote_note":"","_monsterinsights_sitenote_category":0,"footnotes":""},"categories":[7,4],"tags":[5964,6647,1115,405],"class_list":["post-17748","post","type-post","status-publish","format-standard","has-post-thumbnail","hentry","category-educacion-y-cultura","category-politica","tag-cin","tag-rectores","tag-san-luis","tag-universidades"],"_links":{"self":[{"href":"https:\/\/www.visionweb.com.ar\/index.php?rest_route=\/wp\/v2\/posts\/17748","targetHints":{"allow":["GET"]}}],"collection":[{"href":"https:\/\/www.visionweb.com.ar\/index.php?rest_route=\/wp\/v2\/posts"}],"about":[{"href":"https:\/\/www.visionweb.com.ar\/index.php?rest_route=\/wp\/v2\/types\/post"}],"author":[{"embeddable":true,"href":"https:\/\/www.visionweb.com.ar\/index.php?rest_route=\/wp\/v2\/users\/3"}],"replies":[{"embeddable":true,"href":"https:\/\/www.visionweb.com.ar\/index.php?rest_route=%2Fwp%2Fv2%2Fcomments&post=17748"}],"version-history":[{"count":1,"href":"https:\/\/www.visionweb.com.ar\/index.php?rest_route=\/wp\/v2\/posts\/17748\/revisions"}],"predecessor-version":[{"id":17750,"href":"https:\/\/www.visionweb.com.ar\/index.php?rest_route=\/wp\/v2\/posts\/17748\/revisions\/17750"}],"wp:featuredmedia":[{"embeddable":true,"href":"https:\/\/www.visionweb.com.ar\/index.php?rest_route=\/wp\/v2\/media\/17749"}],"wp:attachment":[{"href":"https:\/\/www.visionweb.com.ar\/index.php?rest_route=%2Fwp%2Fv2%2Fmedia&parent=17748"}],"wp:term":[{"taxonomy":"category","embeddable":true,"href":"https:\/\/www.visionweb.com.ar\/index.php?rest_route=%2Fwp%2Fv2%2Fcategories&post=17748"},{"taxonomy":"post_tag","embeddable":true,"href":"https:\/\/www.visionweb.com.ar\/index.php?rest_route=%2Fwp%2Fv2%2Ftags&post=17748"}],"curies":[{"name":"wp","href":"https:\/\/api.w.org\/{rel}","templated":true}]}}