{"id":17745,"date":"2025-04-08T10:38:28","date_gmt":"2025-04-08T13:38:28","guid":{"rendered":"https:\/\/www.visionweb.com.ar\/?p=17745"},"modified":"2025-04-08T10:38:46","modified_gmt":"2025-04-08T13:38:46","slug":"ingreso-a-la-legislatura-bonaerense-el-proyecto-para-suspender-las-paso","status":"publish","type":"post","link":"https:\/\/www.visionweb.com.ar\/?p=17745","title":{"rendered":"Ingres\u00f3 a la legislatura bonaerense el proyecto para suspender las PASO"},"content":{"rendered":"<p><em><strong>El ingreso del Proyecto, anunciado por el gobernador Axel Kicillof, fue confirmado por Alexis Guerrera. El objetivo es suspender las PASO.<\/strong><\/em><!--more--><\/p>\n<p><img loading=\"lazy\" decoding=\"async\" class=\"size-medium wp-image-12288 alignright\" src=\"https:\/\/www.visionweb.com.ar\/wp-content\/uploads\/2023\/10\/legislatura-bonaerense-300x235.png\" alt=\"\" width=\"300\" height=\"235\" srcset=\"https:\/\/www.visionweb.com.ar\/wp-content\/uploads\/2023\/10\/legislatura-bonaerense-300x235.png 300w, https:\/\/www.visionweb.com.ar\/wp-content\/uploads\/2023\/10\/legislatura-bonaerense.png 543w\" sizes=\"auto, (max-width: 300px) 100vw, 300px\" \/>El presidente de la C\u00e1mara de Diputados de la Provincia de Buenos Aires, Alexis Guerrera, confirm\u00f3 que ingres\u00f3 el proyecto para suspender las PASO, luego de que el gobernador Axel Kicillof anunciara el desdoblamiento de las elecciones.<\/p>\n<p>\u201cEn funci\u00f3n del cronograma electoral fijado por la Junta Electoral de la provincia de Buenos Aires para las P.A.S.O., y teniendo en cuenta el reciente anuncio del Gobernador estableciendo el desdoblamiento de las elecciones provinciales de las nacionales como tambi\u00e9n as\u00ed la toma de conocimiento del env\u00edo de un nuevo proyecto del Ejecutivo al Senado para suspender las Primarias, considero prudente dejar sin efecto la sesi\u00f3n convocada para el d\u00eda de ma\u00f1ana (por hoy)\u201d, escribi\u00f3 el titular de la C\u00e1mara en su cuenta de X.<\/p>\n<p>El gobernador Kicillof anunci\u00f3 ayer que los comicios bonaerenses se llevar\u00e1n a cabo el 7 de septiembre, confirmando el desdoblamiento de las elecciones.<\/p>\n<p>A mediados de marzo, el Gobernador hab\u00eda cuestionado las demoras en la Legislatura por la suspensi\u00f3n de las primarias y convoc\u00f3 a las PASO para el 13 de julio<strong>(VW)<\/strong>.<\/p>\n<p>&nbsp;<\/p>\n","protected":false},"excerpt":{"rendered":"<p>El ingreso del Proyecto, anunciado por el gobernador Axel Kicillof, fue confirmado por Alexis Guerrera. El objetivo es suspender las PASO.<\/p>\n","protected":false},"author":3,"featured_media":12288,"comment_status":"closed","ping_status":"closed","sticky":false,"template":"","format":"standard","meta":{"_monsterinsights_skip_tracking":false,"_monsterinsights_sitenote_active":false,"_monsterinsights_sitenote_note":"","_monsterinsights_sitenote_category":0,"footnotes":""},"categories":[4],"tags":[167,872,204,1953],"class_list":["post-17745","post","type-post","status-publish","format-standard","has-post-thumbnail","hentry","category-politica","tag-kicillof","tag-legislatura","tag-paso","tag-proyecto"],"_links":{"self":[{"href":"https:\/\/www.visionweb.com.ar\/index.php?rest_route=\/wp\/v2\/posts\/17745","targetHints":{"allow":["GET"]}}],"collection":[{"href":"https:\/\/www.visionweb.com.ar\/index.php?rest_route=\/wp\/v2\/posts"}],"about":[{"href":"https:\/\/www.visionweb.com.ar\/index.php?rest_route=\/wp\/v2\/types\/post"}],"author":[{"embeddable":true,"href":"https:\/\/www.visionweb.com.ar\/index.php?rest_route=\/wp\/v2\/users\/3"}],"replies":[{"embeddable":true,"href":"https:\/\/www.visionweb.com.ar\/index.php?rest_route=%2Fwp%2Fv2%2Fcomments&post=17745"}],"version-history":[{"count":2,"href":"https:\/\/www.visionweb.com.ar\/index.php?rest_route=\/wp\/v2\/posts\/17745\/revisions"}],"predecessor-version":[{"id":17747,"href":"https:\/\/www.visionweb.com.ar\/index.php?rest_route=\/wp\/v2\/posts\/17745\/revisions\/17747"}],"wp:featuredmedia":[{"embeddable":true,"href":"https:\/\/www.visionweb.com.ar\/index.php?rest_route=\/wp\/v2\/media\/12288"}],"wp:attachment":[{"href":"https:\/\/www.visionweb.com.ar\/index.php?rest_route=%2Fwp%2Fv2%2Fmedia&parent=17745"}],"wp:term":[{"taxonomy":"category","embeddable":true,"href":"https:\/\/www.visionweb.com.ar\/index.php?rest_route=%2Fwp%2Fv2%2Fcategories&post=17745"},{"taxonomy":"post_tag","embeddable":true,"href":"https:\/\/www.visionweb.com.ar\/index.php?rest_route=%2Fwp%2Fv2%2Ftags&post=17745"}],"curies":[{"name":"wp","href":"https:\/\/api.w.org\/{rel}","templated":true}]}}