{"id":17737,"date":"2025-04-07T13:27:56","date_gmt":"2025-04-07T16:27:56","guid":{"rendered":"https:\/\/www.visionweb.com.ar\/?p=17737"},"modified":"2025-04-07T13:27:56","modified_gmt":"2025-04-07T16:27:56","slug":"medicamentos-bonaerenses-el-nuevo-programa-de-la-provincia","status":"publish","type":"post","link":"https:\/\/www.visionweb.com.ar\/?p=17737","title":{"rendered":"\u201cMedicamentos Bonaerenses\u201d, el nuevo programa de la Provincia"},"content":{"rendered":"<p><em><strong>Garantiza a la poblaci\u00f3n el acceso a 74 medicamentos para el tratamiento de enfermedades prevalentes. El programa funciona con cobertura p\u00fablica exclusiva. La inversi\u00f3n anual es de $26.500 millones.<\/strong><\/em><!--more--><\/p>\n<div id=\"attachment_17738\" style=\"width: 310px\" class=\"wp-caption alignright\"><img loading=\"lazy\" decoding=\"async\" aria-describedby=\"caption-attachment-17738\" class=\"wp-image-17738 size-medium\" src=\"https:\/\/www.visionweb.com.ar\/wp-content\/uploads\/2025\/04\/kicillof-medicamentos-bonaerenses-foto-gba-300x179.png\" alt=\"\" width=\"300\" height=\"179\" srcset=\"https:\/\/www.visionweb.com.ar\/wp-content\/uploads\/2025\/04\/kicillof-medicamentos-bonaerenses-foto-gba-300x179.png 300w, https:\/\/www.visionweb.com.ar\/wp-content\/uploads\/2025\/04\/kicillof-medicamentos-bonaerenses-foto-gba.png 670w\" sizes=\"auto, (max-width: 300px) 100vw, 300px\" \/><p id=\"caption-attachment-17738\" class=\"wp-caption-text\">Foto: Gba.gob.ar<\/p><\/div>\n<p><strong>\u00a0\u00a0\u00a0\u00a0\u00a0 E<\/strong>l <strong>gobernador<\/strong> de la provincia de Buenos Aires, <strong>Axel Kicillof<\/strong>, present\u00f3 junto al ministro de Salud, Nicol\u00e1s Kreplak, el\u00a0<strong>programa Medicamentos Bonaerenses<\/strong>, que garantiza a la poblaci\u00f3n con cobertura p\u00fablica exclusiva el acceso a 74 medicamentos para el tratamiento de enfermedades prevalentes.<\/p>\n<p>La iniciativa se present\u00f3 el pasado viernes, en el Sal\u00f3n Dorado de la Casa de Gobierno, con la participaci\u00f3n del subsecretario de Pol\u00edticas de Cuidados en Salud, Jonatan Konfino.<\/p>\n<p>\u201cEstamos viendo el impacto de la desregulaci\u00f3n que llev\u00f3 adelante el Gobierno nacional en un mercado tan concentrado como el de la salud:\u00a0<strong>los medicamentos aumentaron sus precios mucho m\u00e1s que los salarios, los ingresos y las jubilaciones<\/strong>\u201d, alert\u00f3 Kicillof.<\/p>\n<p>Y precis\u00f3: \u201cEl resultado de esa decisi\u00f3n, adem\u00e1s de asegurar enormes negocios para unos pocos, fue una ca\u00edda del 27% en las compras de medicamentos: estamos frente a una\u00a0<strong>pol\u00edtica sanitaria criminal<\/strong>\u201d.<\/p>\n<p>\u201cEse abandono que estamos viendo en diferentes \u00e1reas es mucho m\u00e1s grave cuando se trata de la salud, donde el acceso o no a los tratamientos puede definir la vida o la muerte\u201d, sostuvo el Gobernador y a\u00f1adi\u00f3: \u201cNo podemos dejar la pol\u00edtica sanitaria en manos de un mercado que discrimina y excluye:\u00a0<strong>en la provincia estamos garantizando los remedios que se necesitan de manera imperiosa y urgente<\/strong>\u201d.<\/p>\n<p>En tanto, Kreplak remarc\u00f3: \u201cEn los \u00faltimos 15 meses el acceso a un bien social y a un derecho, como son los medicamentos, ha sido da\u00f1ado para gran parte de la poblaci\u00f3n por decisiones del Gobierno nacional: como estamos convencidos de que los problemas de salud deben ser abordados sin excusas, la Provincia lanza con mucho esfuerzo este programa que ampl\u00eda y garantiza el acceso a los medicamentos en todos los municipios bonaerenses\u201d.<\/p>\n<p>El programa permitir\u00e1 centralizar y organizar los recursos con mayor eficiencia, optimizando los procesos de adquisici\u00f3n y distribuci\u00f3n de los suministros que se env\u00edan a todos los <strong>centros de salud y hospitales p\u00fablicos provinciales de los 135 municipios<\/strong>.<\/p>\n<p><strong>Con una inversi\u00f3n anual de $26.500 millones, los 74 medicamentos son necesarios para la prevenci\u00f3n y el tratamiento de patolog\u00edas cr\u00f3nicas como afecciones cardiovasculares, pulmonares, reum\u00e1ticas, infecciones agudas, autoinmunes, anemia, osteoporosis, Parkinson e hipercolesterolemia, entre otras. (VW)<\/strong><\/p>\n","protected":false},"excerpt":{"rendered":"<p>Garantiza a la poblaci\u00f3n el acceso a 74 medicamentos para el tratamiento de enfermedades prevalentes. El programa funciona con cobertura p\u00fablica exclusiva. La inversi\u00f3n anual es de $26.500 millones.<\/p>\n","protected":false},"author":4,"featured_media":17738,"comment_status":"closed","ping_status":"closed","sticky":false,"template":"","format":"standard","meta":{"_monsterinsights_skip_tracking":false,"_monsterinsights_sitenote_active":false,"_monsterinsights_sitenote_note":"","_monsterinsights_sitenote_category":0,"footnotes":""},"categories":[4],"tags":[167,359,7545],"class_list":["post-17737","post","type-post","status-publish","format-standard","has-post-thumbnail","hentry","category-politica","tag-kicillof","tag-kreplak","tag-programa-medicamentos-bonaerenses"],"_links":{"self":[{"href":"https:\/\/www.visionweb.com.ar\/index.php?rest_route=\/wp\/v2\/posts\/17737","targetHints":{"allow":["GET"]}}],"collection":[{"href":"https:\/\/www.visionweb.com.ar\/index.php?rest_route=\/wp\/v2\/posts"}],"about":[{"href":"https:\/\/www.visionweb.com.ar\/index.php?rest_route=\/wp\/v2\/types\/post"}],"author":[{"embeddable":true,"href":"https:\/\/www.visionweb.com.ar\/index.php?rest_route=\/wp\/v2\/users\/4"}],"replies":[{"embeddable":true,"href":"https:\/\/www.visionweb.com.ar\/index.php?rest_route=%2Fwp%2Fv2%2Fcomments&post=17737"}],"version-history":[{"count":1,"href":"https:\/\/www.visionweb.com.ar\/index.php?rest_route=\/wp\/v2\/posts\/17737\/revisions"}],"predecessor-version":[{"id":17739,"href":"https:\/\/www.visionweb.com.ar\/index.php?rest_route=\/wp\/v2\/posts\/17737\/revisions\/17739"}],"wp:featuredmedia":[{"embeddable":true,"href":"https:\/\/www.visionweb.com.ar\/index.php?rest_route=\/wp\/v2\/media\/17738"}],"wp:attachment":[{"href":"https:\/\/www.visionweb.com.ar\/index.php?rest_route=%2Fwp%2Fv2%2Fmedia&parent=17737"}],"wp:term":[{"taxonomy":"category","embeddable":true,"href":"https:\/\/www.visionweb.com.ar\/index.php?rest_route=%2Fwp%2Fv2%2Fcategories&post=17737"},{"taxonomy":"post_tag","embeddable":true,"href":"https:\/\/www.visionweb.com.ar\/index.php?rest_route=%2Fwp%2Fv2%2Ftags&post=17737"}],"curies":[{"name":"wp","href":"https:\/\/api.w.org\/{rel}","templated":true}]}}