{"id":17732,"date":"2025-04-07T09:21:37","date_gmt":"2025-04-07T12:21:37","guid":{"rendered":"https:\/\/www.visionweb.com.ar\/?p=17732"},"modified":"2025-04-07T09:22:02","modified_gmt":"2025-04-07T12:22:02","slug":"las-ventas-minoristas-pyme-subieron-105-interanual-en-marzo","status":"publish","type":"post","link":"https:\/\/www.visionweb.com.ar\/?p=17732","title":{"rendered":"Las ventas minoristas pyme subieron 10,5% interanual en marzo"},"content":{"rendered":"<p><em><strong>Pero no alcanzaron para\u00a0 compensar a\u00fan las ca\u00eddas del a\u00f1o pasado. Seg\u00fan CAME, en la comparaci\u00f3n mensual desestacionalizada se produjo un aumento del 0,1%, acumulando 19,4 en el primer trimestre del a\u00f1o.<\/strong><\/em><!--more--><\/p>\n<p><strong><img loading=\"lazy\" decoding=\"async\" class=\"size-medium wp-image-17733 alignleft\" src=\"https:\/\/www.visionweb.com.ar\/wp-content\/uploads\/2025\/04\/COMERCIO-MINORISTA-300x200.png\" alt=\"\" width=\"300\" height=\"200\" srcset=\"https:\/\/www.visionweb.com.ar\/wp-content\/uploads\/2025\/04\/COMERCIO-MINORISTA-300x200.png 300w, https:\/\/www.visionweb.com.ar\/wp-content\/uploads\/2025\/04\/COMERCIO-MINORISTA.png 640w\" sizes=\"auto, (max-width: 300px) 100vw, 300px\" \/>Las ventas minoristas de las peque\u00f1as y medianas empresas aumentaron un 10,5% interanual -a precios constantes. <\/strong>Sin embargo, esta mejora a\u00fan no logra compensar las fuertes ca\u00eddas del a\u00f1o pasado, cuando\u00a0<strong>las ventas retrocedieron 12,6% en marzo, acumulando un descenso del 22,1%.\u00a0<\/strong>En la comparaci\u00f3n mensual desestacionalizada se produjo un aumento del 0,1%, acumulando 19,4 en el primer trimestre del a\u00f1o,\u00a0<a href=\"https:\/\/www.redcame.org.ar\/novedades\/14172\/las-ventas-minoristas-pyme-subieron-105-interanual-en-marzo\">de acuerdo con el informe publicado este fin de semana por CAME.<\/a><\/p>\n<p>\u201cLa demanda mostr\u00f3 limitaciones, especialmente en rubros no esenciales, mientras que algunos sectores estacionales lograron cierta recuperaci\u00f3n gracias a eventos como el inicio del ciclo lectivo\u201d, analiz\u00f3 la Confederaci\u00f3n Argentina de la Mediana Empresa.\u00a0<strong>\u201cEn marzo las ventas estuvieron impulsadas por el cierre de la temporada de verano, el inicio de clases y acciones comerciales como promociones, cuotas sin inter\u00e9s y descuentos.<\/strong>\u00a0Muchos comercios se\u00f1alaron un leve repunte, aunque no completamente al nivel esperado para esta \u00e9poca. Persisten factores que limitan el consumo, como la falta de liquidez, aumento de costos operativos y la competencia informal o desde el exterior\u201d.<\/p>\n<p><strong><img loading=\"lazy\" decoding=\"async\" class=\"size-medium wp-image-17734 alignright\" src=\"https:\/\/www.visionweb.com.ar\/wp-content\/uploads\/2025\/04\/came-ventas-minoristas-300x151.png\" alt=\"\" width=\"300\" height=\"151\" srcset=\"https:\/\/www.visionweb.com.ar\/wp-content\/uploads\/2025\/04\/came-ventas-minoristas-300x151.png 300w, https:\/\/www.visionweb.com.ar\/wp-content\/uploads\/2025\/04\/came-ventas-minoristas.png 680w\" sizes=\"auto, (max-width: 300px) 100vw, 300px\" \/>Los siete rubros relevados registraron subas interanuales en sus ventas. El mayor incremento se detect\u00f3 en Perfumer\u00eda (+23,6%), seguido por Farmacia (+16,8%) y Alimentos y Bebidas (+13,7%). En el acumulado del trimestre, lidera Alimentos y Bebidas (+25,3%).<\/strong><\/p>\n<p>Seg\u00fan CAME, \u201clas expectativas de los comercios para los pr\u00f3ximos meses muestran un optimismo moderado. Si bien la mayor\u00eda espera una mejora en la situaci\u00f3n econ\u00f3mica de su empresa, persiste la cautela ante un entorno incierto y con se\u00f1ales mixtas. La estabilidad de precios, las acciones promocionales y una eventual recuperaci\u00f3n del consumo son vistas como factores que podr\u00edan impulsar la actividad. Aun as\u00ed, muchos se\u00f1alan que el repunte ser\u00e1 gradual y condicionado por el contexto general. <strong>(vw)<\/strong><\/p>\n","protected":false},"excerpt":{"rendered":"<p>Pero no alcanzaron para\u00a0 compensar a\u00fan las ca\u00eddas del a\u00f1o pasado. Seg\u00fan CAME, en la comparaci\u00f3n mensual desestacionalizada se produjo un aumento del 0,1%, acumulando 19,4 en el primer trimestre del a\u00f1o.<\/p>\n","protected":false},"author":3,"featured_media":17733,"comment_status":"closed","ping_status":"closed","sticky":false,"template":"","format":"standard","meta":{"_monsterinsights_skip_tracking":false,"_monsterinsights_sitenote_active":false,"_monsterinsights_sitenote_note":"","_monsterinsights_sitenote_category":0,"footnotes":""},"categories":[3],"tags":[3917,6182,758],"class_list":["post-17732","post","type-post","status-publish","format-standard","has-post-thumbnail","hentry","category-actualidad","tag-minoristas","tag-recuperacion","tag-ventas"],"_links":{"self":[{"href":"https:\/\/www.visionweb.com.ar\/index.php?rest_route=\/wp\/v2\/posts\/17732","targetHints":{"allow":["GET"]}}],"collection":[{"href":"https:\/\/www.visionweb.com.ar\/index.php?rest_route=\/wp\/v2\/posts"}],"about":[{"href":"https:\/\/www.visionweb.com.ar\/index.php?rest_route=\/wp\/v2\/types\/post"}],"author":[{"embeddable":true,"href":"https:\/\/www.visionweb.com.ar\/index.php?rest_route=\/wp\/v2\/users\/3"}],"replies":[{"embeddable":true,"href":"https:\/\/www.visionweb.com.ar\/index.php?rest_route=%2Fwp%2Fv2%2Fcomments&post=17732"}],"version-history":[{"count":1,"href":"https:\/\/www.visionweb.com.ar\/index.php?rest_route=\/wp\/v2\/posts\/17732\/revisions"}],"predecessor-version":[{"id":17735,"href":"https:\/\/www.visionweb.com.ar\/index.php?rest_route=\/wp\/v2\/posts\/17732\/revisions\/17735"}],"wp:featuredmedia":[{"embeddable":true,"href":"https:\/\/www.visionweb.com.ar\/index.php?rest_route=\/wp\/v2\/media\/17733"}],"wp:attachment":[{"href":"https:\/\/www.visionweb.com.ar\/index.php?rest_route=%2Fwp%2Fv2%2Fmedia&parent=17732"}],"wp:term":[{"taxonomy":"category","embeddable":true,"href":"https:\/\/www.visionweb.com.ar\/index.php?rest_route=%2Fwp%2Fv2%2Fcategories&post=17732"},{"taxonomy":"post_tag","embeddable":true,"href":"https:\/\/www.visionweb.com.ar\/index.php?rest_route=%2Fwp%2Fv2%2Ftags&post=17732"}],"curies":[{"name":"wp","href":"https:\/\/api.w.org\/{rel}","templated":true}]}}