{"id":17730,"date":"2025-04-04T14:11:54","date_gmt":"2025-04-04T17:11:54","guid":{"rendered":"https:\/\/www.visionweb.com.ar\/?p=17730"},"modified":"2025-04-04T14:11:54","modified_gmt":"2025-04-04T17:11:54","slug":"paro-se-espera-una-atencion-reducida-en-oficinas-y-hospitales","status":"publish","type":"post","link":"https:\/\/www.visionweb.com.ar\/?p=17730","title":{"rendered":"Paro: Se espera una atenci\u00f3n reducida en oficinas y hospitales"},"content":{"rendered":"<p><strong><em>El paro que tendr\u00e1 236 horas de duraci\u00f3n, afectar\u00e1 a las escuelas y los organismos p\u00fablicos. Uni\u00f3n de Personal Civil de la Naci\u00f3n (UPCN)\u00a0y\u00a0Asociaci\u00f3n de Trabajadores del Estado (ATE)\u00a0confirmaron que se plegar\u00e1n a la protesta<\/em><\/strong><!--more--><\/p>\n<p><img loading=\"lazy\" decoding=\"async\" class=\"size-full wp-image-7419 alignright\" src=\"https:\/\/www.visionweb.com.ar\/wp-content\/uploads\/2022\/09\/Ate-de-paro.bmp\" alt=\"\" width=\"541\" height=\"398\" \/>Con pocas\u00a0<strong>escuelas\u00a0<\/strong>abiertas, reducida atenci\u00f3n en\u00a0<strong>hospitales p\u00fablicos<\/strong>,\u00a0<strong>tribunales\u00a0<\/strong>y\u00a0<strong>oficinas administrativas<\/strong>, el\u00a0<strong>paro nacional<\/strong>\u00a0que impulsa la Confederaci\u00f3n General del Trabajo<strong>\u00a0(CGT)<\/strong>\u00a0de\u00a0<strong>36 horas<\/strong>\u00a0impactar\u00e1 con fuerza en la provincia de Buenos Aires.<\/p>\n<p>La protesta nacional que se desarrollar\u00e1 entre el mediod\u00eda del mi\u00e9rcoles 9 y todo el jueves 10\u00a0afectar\u00e1 a los servicios de parte del transporte (colectivos no confirm\u00f3 si se suma), educaci\u00f3n, salud, y bancos en todo el pa\u00eds. Y puntualmente en la provincia de Buenos Aires se espera que tenga gran adhesi\u00f3n, por lo que el movimiento ser\u00e1 casi nulo.<\/p>\n<p>Como suele pasar, \u201cel \u00e9xito\u201d de la medida de fuerza pasa en gran parte por la adhesi\u00f3n de los gremios del transporte. En ese sentido,\u00a0<strong>los cuatro sindicatos ferroviarios, los metrodelegados del subte porte\u00f1o y el Sindicato de Peones de Taxis ya confirmaron su adhesi\u00f3n<\/strong>. Tambi\u00e9n se sumar\u00e1n\u00a0los 12 gremios que integran el transporte aeron\u00e1utico.<\/p>\n<p>Sin embargo,\u00a0<strong>la gran duda es qu\u00e9 pasar\u00e1 con los colectivos<\/strong>, ya que d\u00edas atr\u00e1s la Secretar\u00eda de Trabajo dict\u00f3 la conciliaci\u00f3n obligatoria por el conflicto que tiene la UTA con los empresarios del sector y de esa manera busca que no pueda plegarse a la huelga.<\/p>\n<p>En lo que respecta a los principales gremios estatales,\u00a0<strong>Uni\u00f3n de Personal Civil de la Naci\u00f3n (UPCN)\u00a0<\/strong>y\u00a0<strong>Asociaci\u00f3n de Trabajadores del Estado (ATE)<\/strong>\u00a0confirmaron que se plegar\u00e1n a la protesta. Por ello no habr\u00e1 atenci\u00f3n al p\u00fablico ni actividad en los organismos. UPCN tiene la capacidad de paralizar las \u00e1reas jer\u00e1rquicas del Estado y los organismos p\u00fablicos nacionales, mientras que la medida de ATE afecta el normal funcionamiento de hospitales p\u00fablicos, municipios y escuelas.<\/p>\n<p>En ese sentido, la Confederaci\u00f3n de Trabajadores de la Educaci\u00f3n (Ctera) confirm\u00f3 su adhesi\u00f3n al igual que los otros gremios docentes de alcance nacional. Dentro de este sector se encuentra\u00a0<strong>Suteba<\/strong>, con fuerte presencia en la provincia de Buenos Aires. Adem\u00e1s, la\u00a0<strong>Federaci\u00f3n de Educadores Bonaerenses (FEB)<\/strong>, el otro gremio mayoritario,\u00a0<strong>y Udocba\u00a0<\/strong>tambi\u00e9n ser\u00e1n de la partida del reclamo contra las pol\u00edticas implementadas por el presidente Javier Milei. En las escuelas privadas, depender\u00e1 de que el personal pueda llegar al establecimiento.<\/p>\n<p>Entre los reclamos de este sector est\u00e1 el recorte en el financiamiento en la educaci\u00f3n p\u00fablica, la restituci\u00f3n del\u00a0<strong>FONID<\/strong>, una convocatoria a la paritaria nacional y un piso salarial acorde. Adem\u00e1s de los docentes, la actividad escolar se ver\u00e1 resentida porque muchos auxiliares y porteros est\u00e1n afiliados a gremios que paran, como ATE. Tambi\u00e9n habr\u00e1 clases parciales en las universidades p\u00fablicas.<\/p>\n<p>En el tema sanitario, los m\u00e9dicos enrolados en la\u00a0<strong>Asociaci\u00f3n Sindical de Profesionales de la Salud de la Provincia de Buenos Aires (Cicop)\u00a0<\/strong>tambi\u00e9n parar\u00e1n el jueves y se movilizar\u00e1n, con el resto de los gremios, el mi\u00e9rcoles en apoyo al reclamo de los jubilados. Al tratarse de una actividad esencial, habr\u00e1 atenci\u00f3n parcial, con menos personal del habitual, con guardias m\u00ednimas para consultas espont\u00e1neas y urgencias.<\/p>\n<p>Por su parte, las oficinas de\u00a0<strong>la<\/strong>\u00a0<strong>administraci\u00f3n p\u00fablica provincial tendr\u00e1n atenci\u00f3n m\u00ednima<\/strong>\u00a0y no se descontar\u00e1 el d\u00eda, ya que ser\u00e1 complicado para muchos llegar al trabajo debido al paro de transporte p\u00fablico.<\/p>\n<p>En lo que respecta a los\u00a0<strong>bancos<\/strong>, la Asociaci\u00f3n Bancaria, el gremio que re\u00fane a los empleados, adhiere a la medida de fuerza. No habr\u00e1 atenci\u00f3n en las entidades p\u00fablicas y privadas de todo el pa\u00eds y solo se operar\u00e1 v\u00eda home banking<strong>(VW)<\/strong>.<\/p>\n<p>&nbsp;<\/p>\n","protected":false},"excerpt":{"rendered":"<p>El paro que tendr\u00e1 236 horas de duraci\u00f3n, afectar\u00e1 a las escuelas y los organismos p\u00fablicos. Uni\u00f3n de Personal Civil de la Naci\u00f3n (UPCN)\u00a0y\u00a0Asociaci\u00f3n de Trabajadores del Estado (ATE)\u00a0confirmaron que se plegar\u00e1n a la&#46;&#46;&#46;<\/p>\n","protected":false},"author":3,"featured_media":7419,"comment_status":"closed","ping_status":"closed","sticky":false,"template":"","format":"standard","meta":{"_monsterinsights_skip_tracking":false,"_monsterinsights_sitenote_active":false,"_monsterinsights_sitenote_note":"","_monsterinsights_sitenote_category":0,"footnotes":""},"categories":[4],"tags":[430,291,252,4841],"class_list":["post-17730","post","type-post","status-publish","format-standard","has-post-thumbnail","hentry","category-politica","tag-escuelas","tag-hospitales","tag-paro","tag-transportes"],"_links":{"self":[{"href":"https:\/\/www.visionweb.com.ar\/index.php?rest_route=\/wp\/v2\/posts\/17730","targetHints":{"allow":["GET"]}}],"collection":[{"href":"https:\/\/www.visionweb.com.ar\/index.php?rest_route=\/wp\/v2\/posts"}],"about":[{"href":"https:\/\/www.visionweb.com.ar\/index.php?rest_route=\/wp\/v2\/types\/post"}],"author":[{"embeddable":true,"href":"https:\/\/www.visionweb.com.ar\/index.php?rest_route=\/wp\/v2\/users\/3"}],"replies":[{"embeddable":true,"href":"https:\/\/www.visionweb.com.ar\/index.php?rest_route=%2Fwp%2Fv2%2Fcomments&post=17730"}],"version-history":[{"count":1,"href":"https:\/\/www.visionweb.com.ar\/index.php?rest_route=\/wp\/v2\/posts\/17730\/revisions"}],"predecessor-version":[{"id":17731,"href":"https:\/\/www.visionweb.com.ar\/index.php?rest_route=\/wp\/v2\/posts\/17730\/revisions\/17731"}],"wp:featuredmedia":[{"embeddable":true,"href":"https:\/\/www.visionweb.com.ar\/index.php?rest_route=\/wp\/v2\/media\/7419"}],"wp:attachment":[{"href":"https:\/\/www.visionweb.com.ar\/index.php?rest_route=%2Fwp%2Fv2%2Fmedia&parent=17730"}],"wp:term":[{"taxonomy":"category","embeddable":true,"href":"https:\/\/www.visionweb.com.ar\/index.php?rest_route=%2Fwp%2Fv2%2Fcategories&post=17730"},{"taxonomy":"post_tag","embeddable":true,"href":"https:\/\/www.visionweb.com.ar\/index.php?rest_route=%2Fwp%2Fv2%2Ftags&post=17730"}],"curies":[{"name":"wp","href":"https:\/\/api.w.org\/{rel}","templated":true}]}}