{"id":17728,"date":"2025-04-04T14:02:19","date_gmt":"2025-04-04T17:02:19","guid":{"rendered":"https:\/\/www.visionweb.com.ar\/?p=17728"},"modified":"2025-04-04T14:02:19","modified_gmt":"2025-04-04T17:02:19","slug":"el-aumento-en-el-precio-de-los-alimentos-continua","status":"publish","type":"post","link":"https:\/\/www.visionweb.com.ar\/?p=17728","title":{"rendered":"El aumento en el precio de los alimentos contin\u00faa"},"content":{"rendered":"<p><em><strong>Sigue subiendo el precio de los alimentos, esta semana se detect\u00f3 un incremento de 0,8 %, seg\u00fan un relevamiento privado.<\/strong><\/em><!--more--><\/p>\n<p><strong> <img loading=\"lazy\" decoding=\"async\" class=\"size-medium wp-image-14604 alignright\" src=\"https:\/\/www.visionweb.com.ar\/wp-content\/uploads\/2024\/05\/Cae-el-consusmo-de-lacteos-300x233.png\" alt=\"\" width=\"300\" height=\"233\" srcset=\"https:\/\/www.visionweb.com.ar\/wp-content\/uploads\/2024\/05\/Cae-el-consusmo-de-lacteos-300x233.png 300w, https:\/\/www.visionweb.com.ar\/wp-content\/uploads\/2024\/05\/Cae-el-consusmo-de-lacteos.png 618w\" sizes=\"auto, (max-width: 300px) 100vw, 300px\" \/>\u00a0 E<\/strong>l precio de los alimentos contin\u00faa en ascenso y en marzo tambi\u00e9n habr\u00eda superado la inflaci\u00f3n promedio, de acuerdo con el trabajo de la consultora LCG.<\/p>\n<p>Durante la \u00faltima semana del mes, entre el jueves 27 de marzo y el mi\u00e9rcoles 2 de abril, la inflaci\u00f3n en alimentos fue del 0,8 %, seg\u00fan el relevamiento de la consultora. Este aumento semanal duplica el registrado en la semana previa, cuando los precios subieron un 0,4 %.<\/p>\n<p>De esta forma, la inflaci\u00f3n en las \u00faltimas cuatro semanas ascendi\u00f3 a 3,7 %, muy por encima del \u00edndice de inflaci\u00f3n general, lo cual provoca que las actualizaciones de jubilaciones y asignaciones intensifiquen la p\u00e9rdida del poder adquisitivo contra los alimentos.<\/p>\n<p>En la semana los aumentos m\u00e1s importantes se dieron en panificados con un incremento de 2,7 %. Al respecto los panaderos de la provincia de Buenos Aires anunciaron un alza del 12 % en el precio de los productos que venden desde el inicio de abril (ver nota <a href=\"https:\/\/www.visionweb.com.ar\/?p=17724\">https:\/\/www.visionweb.com.ar\/?p=17724<\/a>).<\/p>\n<p>Si se analiza<strong>\u00a0el comportamiento de los precios en las \u00faltimas cuatro semanas, las carnes encabezan los aumentos con un 6,3 %<\/strong>, y se consolida como el rubro de mayor impacto en el presupuesto familiar. Le siguen los <strong>l\u00e1cteos y huevos, que acumulan un incremento del 5,6 %<\/strong>, mientras que las <strong>verduras <\/strong>y las bebidas registraron subas del <strong>3,3 %<\/strong> y 2,8 %, respectivamente. <strong>(VW)<\/strong><\/p>\n<p>&nbsp;<\/p>\n","protected":false},"excerpt":{"rendered":"<p>Sigue subiendo el precio de los alimentos, esta semana se detect\u00f3 un incremento de 0,8 %, seg\u00fan un relevamiento privado.<\/p>\n","protected":false},"author":4,"featured_media":14604,"comment_status":"closed","ping_status":"closed","sticky":false,"template":"","format":"standard","meta":{"_monsterinsights_skip_tracking":false,"_monsterinsights_sitenote_active":false,"_monsterinsights_sitenote_note":"","_monsterinsights_sitenote_category":0,"footnotes":""},"categories":[6,5],"tags":[7544,6139,12],"class_list":["post-17728","post","type-post","status-publish","format-standard","has-post-thumbnail","hentry","category-economia","category-sociedad","tag-aumento-precio-de-alimentos","tag-consultora-lcg","tag-relevamiento"],"_links":{"self":[{"href":"https:\/\/www.visionweb.com.ar\/index.php?rest_route=\/wp\/v2\/posts\/17728","targetHints":{"allow":["GET"]}}],"collection":[{"href":"https:\/\/www.visionweb.com.ar\/index.php?rest_route=\/wp\/v2\/posts"}],"about":[{"href":"https:\/\/www.visionweb.com.ar\/index.php?rest_route=\/wp\/v2\/types\/post"}],"author":[{"embeddable":true,"href":"https:\/\/www.visionweb.com.ar\/index.php?rest_route=\/wp\/v2\/users\/4"}],"replies":[{"embeddable":true,"href":"https:\/\/www.visionweb.com.ar\/index.php?rest_route=%2Fwp%2Fv2%2Fcomments&post=17728"}],"version-history":[{"count":1,"href":"https:\/\/www.visionweb.com.ar\/index.php?rest_route=\/wp\/v2\/posts\/17728\/revisions"}],"predecessor-version":[{"id":17729,"href":"https:\/\/www.visionweb.com.ar\/index.php?rest_route=\/wp\/v2\/posts\/17728\/revisions\/17729"}],"wp:featuredmedia":[{"embeddable":true,"href":"https:\/\/www.visionweb.com.ar\/index.php?rest_route=\/wp\/v2\/media\/14604"}],"wp:attachment":[{"href":"https:\/\/www.visionweb.com.ar\/index.php?rest_route=%2Fwp%2Fv2%2Fmedia&parent=17728"}],"wp:term":[{"taxonomy":"category","embeddable":true,"href":"https:\/\/www.visionweb.com.ar\/index.php?rest_route=%2Fwp%2Fv2%2Fcategories&post=17728"},{"taxonomy":"post_tag","embeddable":true,"href":"https:\/\/www.visionweb.com.ar\/index.php?rest_route=%2Fwp%2Fv2%2Ftags&post=17728"}],"curies":[{"name":"wp","href":"https:\/\/api.w.org\/{rel}","templated":true}]}}