{"id":17724,"date":"2025-04-04T12:59:35","date_gmt":"2025-04-04T15:59:35","guid":{"rendered":"https:\/\/www.visionweb.com.ar\/?p=17724"},"modified":"2025-04-04T12:59:35","modified_gmt":"2025-04-04T15:59:35","slug":"panaderos-confirmaron-un-aumento-del-12-en-la-provincia","status":"publish","type":"post","link":"https:\/\/www.visionweb.com.ar\/?p=17724","title":{"rendered":"Panaderos confirmaron un aumento del 12% en la Provincia"},"content":{"rendered":"<p><em><strong>El precio del kilo de pan en el Conurbano oscilar\u00e1 los 3.300 pesos. En Caba $4.000. El crecimiento del valor se debe a que los costos de producci\u00f3n son considerablemente m\u00e1s caros, y no se descartan m\u00e1s incrementos en el corto plazo.<\/strong><\/em><!--more--><\/p>\n<p><strong>\u00a0<\/strong>\u00a0<strong>\u00a0\u00a0 <img loading=\"lazy\" decoding=\"async\" class=\"size-full wp-image-6572 alignright\" src=\"https:\/\/www.visionweb.com.ar\/wp-content\/uploads\/2022\/07\/pan.bmp\" alt=\"\" width=\"424\" height=\"434\" \/>\u00a0 L<\/strong>a\u00a0<strong>C\u00e1mara de Industriales Panaderos (CIPAN)<\/strong>, anunci\u00f3 un\u00a0<strong>12 % de aumento<\/strong> <strong>en el precio del kilo de pan<\/strong>, desde este mes <strong>de abril<\/strong>, debido a los elevados\u00a0<strong>incrementos de los costos<\/strong>\u00a0de producci\u00f3n, lo cual implica un crecimiento de la\u00a0<strong>inflaci\u00f3n en los alimentos<\/strong>.<\/p>\n<p>Los aumentos, que produjeron a ra\u00edz de la suba de costos de insumos, tarifas y combustibles, tambi\u00e9n afectan a\u00a0<strong>otros productos panificados<\/strong>\u00a0realizados por la industria panadera, y no se descarta que los mismos\u00a0<strong>vuelvan a aumentar<\/strong>\u00a0el mes pr\u00f3ximo.<\/p>\n<p>En ese sentido, el presidente del Centro de Industriales Panaderos de Merlo, Mart\u00edn Pinto, explic\u00f3: \u201cTuvimos que tomar la decisi\u00f3n debido a los\u00a0<strong>constantes aumentos que venimos sufriendo en las materias primas, los insumos, combustibles y las tarifas<\/strong>\u00a0de los servicios p\u00fablicos\u201d.<\/p>\n<p>\u201c<strong>Lamentablemente no podemos asegurar que no vaya a haber nuevos incrementos en el corto plazo, ya que los precios no dejan de subir.<\/strong>\u00a0Dicen que la inflaci\u00f3n baj\u00f3, pero nuestros costos siguen aumentando d\u00eda a d\u00eda\u201d, sostuvo el industrial.<\/p>\n<p>En una entrevista, conforme indic\u00f3 Inforegi\u00f3n, Pinto detall\u00f3 que e<strong>l precio del kilo de pan var\u00eda seg\u00fan la zona<\/strong>, costando<strong>\u00a0$2.500<\/strong>\u00a0en los barrios,\u00a0<strong>$3.300\u00a0<\/strong>en \u00e1reas c\u00e9ntricas, y superando ya los\u00a0<strong>$4.000<\/strong>\u00a0en algunas localidades. \u201cLos aumentos ven\u00edan bastante estancados, pero<strong>\u00a0la harina subi\u00f3 dos veces\u00a0<\/strong><strong>en menos de 15 d\u00edas<\/strong>, y adem\u00e1s est\u00e1n los\u00a0<strong>costos de los servicios y el combustible<\/strong>\u201d.<\/p>\n<p>\u201cHace un a\u00f1o que no aument\u00e1bamos nuestros productos, pero la verdad es que ya era insostenible,\u00a0<strong>queremos tratar de evitar cierres de panader\u00edas y p\u00e9rdida de fuentes de trabajo<\/strong>\u201d, concluy\u00f3 el dirigente panadero bonaerense. <strong>(VW)<\/strong><\/p>\n<p>&nbsp;<\/p>\n","protected":false},"excerpt":{"rendered":"<p>El precio del kilo de pan en el Conurbano oscilar\u00e1 los 3.300 pesos. En Caba $4.000. El crecimiento del valor se debe a que los costos de producci\u00f3n son considerablemente m\u00e1s caros, y no&#46;&#46;&#46;<\/p>\n","protected":false},"author":4,"featured_media":6572,"comment_status":"closed","ping_status":"closed","sticky":false,"template":"","format":"standard","meta":{"_monsterinsights_skip_tracking":false,"_monsterinsights_sitenote_active":false,"_monsterinsights_sitenote_note":"","_monsterinsights_sitenote_category":0,"footnotes":""},"categories":[6],"tags":[7539,7540,7541,1464,356],"class_list":["post-17724","post","type-post","status-publish","format-standard","has-post-thumbnail","hentry","category-economia","tag-aumento-del-pan","tag-cipan","tag-martin-pinto","tag-panaderos","tag-provincia"],"_links":{"self":[{"href":"https:\/\/www.visionweb.com.ar\/index.php?rest_route=\/wp\/v2\/posts\/17724","targetHints":{"allow":["GET"]}}],"collection":[{"href":"https:\/\/www.visionweb.com.ar\/index.php?rest_route=\/wp\/v2\/posts"}],"about":[{"href":"https:\/\/www.visionweb.com.ar\/index.php?rest_route=\/wp\/v2\/types\/post"}],"author":[{"embeddable":true,"href":"https:\/\/www.visionweb.com.ar\/index.php?rest_route=\/wp\/v2\/users\/4"}],"replies":[{"embeddable":true,"href":"https:\/\/www.visionweb.com.ar\/index.php?rest_route=%2Fwp%2Fv2%2Fcomments&post=17724"}],"version-history":[{"count":1,"href":"https:\/\/www.visionweb.com.ar\/index.php?rest_route=\/wp\/v2\/posts\/17724\/revisions"}],"predecessor-version":[{"id":17725,"href":"https:\/\/www.visionweb.com.ar\/index.php?rest_route=\/wp\/v2\/posts\/17724\/revisions\/17725"}],"wp:featuredmedia":[{"embeddable":true,"href":"https:\/\/www.visionweb.com.ar\/index.php?rest_route=\/wp\/v2\/media\/6572"}],"wp:attachment":[{"href":"https:\/\/www.visionweb.com.ar\/index.php?rest_route=%2Fwp%2Fv2%2Fmedia&parent=17724"}],"wp:term":[{"taxonomy":"category","embeddable":true,"href":"https:\/\/www.visionweb.com.ar\/index.php?rest_route=%2Fwp%2Fv2%2Fcategories&post=17724"},{"taxonomy":"post_tag","embeddable":true,"href":"https:\/\/www.visionweb.com.ar\/index.php?rest_route=%2Fwp%2Fv2%2Ftags&post=17724"}],"curies":[{"name":"wp","href":"https:\/\/api.w.org\/{rel}","templated":true}]}}