{"id":17722,"date":"2025-04-04T09:17:26","date_gmt":"2025-04-04T12:17:26","guid":{"rendered":"https:\/\/www.visionweb.com.ar\/?p=17722"},"modified":"2025-04-04T09:18:08","modified_gmt":"2025-04-04T12:18:08","slug":"kicillof-llama-a-la-unidad-del-peronismo-para-enfrentar-a-milei","status":"publish","type":"post","link":"https:\/\/www.visionweb.com.ar\/?p=17722","title":{"rendered":"Kicillof llama a la unidad del peronismo para enfrentar a Milei"},"content":{"rendered":"<p><strong><em>Fue en el Teatro Argentino de la ciudad de La Plata junto al ministro de Gobierno, Carlos Bianco; el subsecretario de Econom\u00eda Popular, Daniel Men\u00e9ndez; y el intendente local, Julio Alak.<\/em><\/strong><!--more--><\/p>\n<p><img loading=\"lazy\" decoding=\"async\" class=\"size-medium wp-image-13778 alignright\" src=\"https:\/\/www.visionweb.com.ar\/wp-content\/uploads\/2024\/02\/kicillof-en-quequen-300x202.png\" alt=\"\" width=\"300\" height=\"202\" srcset=\"https:\/\/www.visionweb.com.ar\/wp-content\/uploads\/2024\/02\/kicillof-en-quequen-300x202.png 300w, https:\/\/www.visionweb.com.ar\/wp-content\/uploads\/2024\/02\/kicillof-en-quequen.png 528w\" sizes=\"auto, (max-width: 300px) 100vw, 300px\" \/>El gobernador Axel Kicillof renov\u00f3 el llamado a la unidad para \u201cenfrentar a Javier Milei y defender la Provincia\u201d, en el marco el cierre del ciclo de charlas \u201cDebate del Futuro\u201d.<\/p>\n<p>Fue en el Teatro Argentino de la ciudad de La Plata junto al ministro de Gobierno, Carlos Bianco; el subsecretario de Econom\u00eda Popular, Daniel Men\u00e9ndez; y el intendente local, Julio Alak.<\/p>\n<p>En ese marco, el Gobernador resalt\u00f3: \u201cEl triunfo de Milei fue el resultado de dos experiencias frustrantes para nuestra sociedad: no fue solo el fracaso de Mauricio Macri, sino tambi\u00e9n el balance de un gobierno del Frente de Todos que, a pesar de haber ganado la elecci\u00f3n por la unidad, luego no pudo dar las respuestas que se necesitaban\u201d.<\/p>\n<p>\u201cNo podemos volver a cometer esos errores: la unidad debe lograrse tambi\u00e9n en la cuesti\u00f3n program\u00e1tica para alcanzar un gobierno con un funcionamiento arm\u00f3nico, coordinado, que pueda afrontar la complejidad enorme que va a dejar Milei\u201d, a\u00f1adi\u00f3.<\/p>\n<p>Asimismo, sostuvo: \u201cEstamos de nuevo ante un Gobierno nacional muy duro para los sectores populares, la industria argentina, los trabajadores y los jubilados: debemos tener la capacidad de dar las discusiones que nos permitan construir una propuesta que entusiasme, genere confianza y representaci\u00f3n\u201d. \u201cLo tenemos que hacer todos juntos: necesitamos que la motosierra no entre a los Concejos Deliberantes y la Legislatura, y que haya representantes que se opongan a las pol\u00edticas de Milei en el Congreso nacional\u201d.<\/p>\n<p>\u201cConvocamos a un frente donde est\u00e9n incluidos todos los sectores, la dirigencia pol\u00edtica, los sectores productivos, los movimientos sociales y los trabajadores para ponerle un freno a Milei y defender nuestra provincia\u201d, llam\u00f3.<\/p>\n<p>\u201cNo se trata de acusar ni de se\u00f1alar a nadie, sino de dar un debate constructivo para no repetir los errores del pasado, traer soluciones y contener a los sectores que se sintieron excluidos\u201d, remarc\u00f3 y concluy\u00f3: \u201cEs momento de construir una alternativa pol\u00edtica que vuelva a gobernar la Argentina, que incluya a todos y le explique a nuestro pueblo lo que estamos haciendo y lo que queremos hacer\u201d.<\/p>\n<p>Estuvieron presentes miembros del gabinete provincial, intendentes bonaerenses, diputados y diputadas nacionales, legisladores y legisladoras provinciales, referentes sindicales, y representantes de movimientos sociales<strong>(VW)<\/strong>.<\/p>\n","protected":false},"excerpt":{"rendered":"<p>Fue en el Teatro Argentino de la ciudad de La Plata junto al ministro de Gobierno, Carlos Bianco; el subsecretario de Econom\u00eda Popular, Daniel Men\u00e9ndez; y el intendente local, Julio Alak.<\/p>\n","protected":false},"author":3,"featured_media":13778,"comment_status":"closed","ping_status":"closed","sticky":false,"template":"","format":"standard","meta":{"_monsterinsights_skip_tracking":false,"_monsterinsights_sitenote_active":false,"_monsterinsights_sitenote_note":"","_monsterinsights_sitenote_category":0,"footnotes":""},"categories":[4],"tags":[167,1157,3042],"class_list":["post-17722","post","type-post","status-publish","format-standard","has-post-thumbnail","hentry","category-politica","tag-kicillof","tag-peronismo","tag-teatro-argentino"],"_links":{"self":[{"href":"https:\/\/www.visionweb.com.ar\/index.php?rest_route=\/wp\/v2\/posts\/17722","targetHints":{"allow":["GET"]}}],"collection":[{"href":"https:\/\/www.visionweb.com.ar\/index.php?rest_route=\/wp\/v2\/posts"}],"about":[{"href":"https:\/\/www.visionweb.com.ar\/index.php?rest_route=\/wp\/v2\/types\/post"}],"author":[{"embeddable":true,"href":"https:\/\/www.visionweb.com.ar\/index.php?rest_route=\/wp\/v2\/users\/3"}],"replies":[{"embeddable":true,"href":"https:\/\/www.visionweb.com.ar\/index.php?rest_route=%2Fwp%2Fv2%2Fcomments&post=17722"}],"version-history":[{"count":1,"href":"https:\/\/www.visionweb.com.ar\/index.php?rest_route=\/wp\/v2\/posts\/17722\/revisions"}],"predecessor-version":[{"id":17723,"href":"https:\/\/www.visionweb.com.ar\/index.php?rest_route=\/wp\/v2\/posts\/17722\/revisions\/17723"}],"wp:featuredmedia":[{"embeddable":true,"href":"https:\/\/www.visionweb.com.ar\/index.php?rest_route=\/wp\/v2\/media\/13778"}],"wp:attachment":[{"href":"https:\/\/www.visionweb.com.ar\/index.php?rest_route=%2Fwp%2Fv2%2Fmedia&parent=17722"}],"wp:term":[{"taxonomy":"category","embeddable":true,"href":"https:\/\/www.visionweb.com.ar\/index.php?rest_route=%2Fwp%2Fv2%2Fcategories&post=17722"},{"taxonomy":"post_tag","embeddable":true,"href":"https:\/\/www.visionweb.com.ar\/index.php?rest_route=%2Fwp%2Fv2%2Ftags&post=17722"}],"curies":[{"name":"wp","href":"https:\/\/api.w.org\/{rel}","templated":true}]}}