{"id":17720,"date":"2025-04-03T13:18:02","date_gmt":"2025-04-03T16:18:02","guid":{"rendered":"https:\/\/www.visionweb.com.ar\/?p=17720"},"modified":"2025-04-03T13:18:02","modified_gmt":"2025-04-03T16:18:02","slug":"jubilados-otro-miercoles-con-disturbios-en-la-marcha-con-un-periodista-herido","status":"publish","type":"post","link":"https:\/\/www.visionweb.com.ar\/?p=17720","title":{"rendered":"Jubilados: Otro mi\u00e9rcoles con disturbios en la marcha, con un periodista herido"},"content":{"rendered":"<p><strong><em>Frente al Congreso, se registraron empujones y gritos entre manifestantes y las distintas fuerzas de seguridad federales.<\/em> <em>Luego del fin de la moratoria previsional, se intensificaron los reclamos para que mejoren las condiciones de los ingresos previsionales.<\/em><\/strong><!--more--><\/p>\n<p><strong>\u00a0\u00a0\u00a0 <img loading=\"lazy\" decoding=\"async\" class=\"size-medium wp-image-17370 alignright\" src=\"https:\/\/www.visionweb.com.ar\/wp-content\/uploads\/2025\/02\/jubilados-lucha-marcha-300x200.png\" alt=\"\" width=\"300\" height=\"200\" srcset=\"https:\/\/www.visionweb.com.ar\/wp-content\/uploads\/2025\/02\/jubilados-lucha-marcha-300x200.png 300w, https:\/\/www.visionweb.com.ar\/wp-content\/uploads\/2025\/02\/jubilados-lucha-marcha.png 482w\" sizes=\"auto, (max-width: 300px) 100vw, 300px\" \/>\u00a0 En la marcha de jubilados de ayer frente al Congreso, nuevamente hubo tensi\u00f3n y disturbios, <\/strong>con empujones y gritos entre manifestantes y las distintas fuerzas de seguridad federales (Gendarmer\u00eda, Prefectura Naval, Polic\u00eda Federal y Polic\u00eda de Seguridad Aeroportuaria).\u00a0<strong>Durante los incidentes, un periodista sufri\u00f3 una lesi\u00f3n y debi\u00f3 ser asistido por el SAME.<\/strong><\/p>\n<p><strong>\u00abLos jubilados no aflojan\u00bb; \u00abEl PAMI es de los jubilados\u00bb; \u00abJubilaciones dignas\u00bb<\/strong>\u00a0fueron algunos de los carteles de los manifestantes. El primer cord\u00f3n fue dispuesto por la\u00a0<strong>Polic\u00eda Federal<\/strong>, pero con la llegada de nuevos grupos de manifestantes arribaron un centenar de miembros de<strong>\u00a0Gendarmer\u00eda y la Polic\u00eda de Seguridad Aeroportuaria<\/strong>.<\/p>\n<p>Se aplic\u00f3 entonces el <strong>protocolo antipiquetes<\/strong> para evitar la interrupci\u00f3n del tr\u00e1nsito, lo que gener\u00f3 enfrentamientos. En medio de la tensi\u00f3n,\u00a0<strong>Diego G\u00f3mez, un periodista de 30 a\u00f1os, result\u00f3 herido tras un choque con un polic\u00eda motorizado.\u00a0<\/strong>El SAME lo traslad\u00f3 para su atenci\u00f3n m\u00e9dica, de acuerdo con la agencia Noticias Argentinas. Alberto Crescenti, titular del SAME, inform\u00f3 al canal LN+ que G\u00f3mez sufri\u00f3 un <strong>traumatismo en su rodilla derecha, aunque se encontraba en buen estado<\/strong>.<\/p>\n<p>El operativo de las<strong> cuatro fuerzas de seguridad se activ\u00f3 poco despu\u00e9s de las 18, cuando los jubilados intentaron hacer la ronda de abrazo al Congreso, <\/strong>inform\u00f3 DIB.<\/p>\n<p><strong>Algunos proyectos:<\/strong><\/p>\n<p><strong>Uni\u00f3n por la Patria<\/strong>\u00a0aport\u00f3 una tanda de proyectos, uno de ellos propone la<strong>\u00a0pr\u00f3rroga del esquema de moratoria previsional<\/strong>\u00a0vencido el pasado 23 de marzo por dos a\u00f1os (aunque hay una redacci\u00f3n del mismo peronismo que busca extenderlo por una d\u00e9cada). Apunta tambi\u00e9n a\u00a0<strong>incrementar de forma excepcional por \u00fanica vez un 15% las jubilaciones y pensiones<\/strong>, excluyendo a quienes gozan de reg\u00edmenes especiales y ofreciendo un suplemento a quienes, a\u00fan con el aumento, no alcancen el valor de la canasta b\u00e1sica total. El \u00faltimo pretende\u00a0<strong>actualizar el bono de $70.000 para llevarlo a $131.622,<\/strong>\u00a0cifra a la que se llega al incorporar a ese valor la inflaci\u00f3n desde marzo del 2024.<\/p>\n<p>Dentro del espectro opositor, la bonaerense\u00a0<strong>Danya Tavela (Democracia para Siempre)\u00a0<\/strong>present\u00f3 dos iniciativas: la primera para que las mujeres puedan percibir la PUAM desde los 60 a\u00f1os y la segunda para crear una<strong>\u00a0Prestaci\u00f3n Proporcional que \u00abreconozca el esfuerzo contributivo realizado en la etapa activa de los trabajadores\u00bb\u00a0<\/strong>que aportaron entre 10 y 29 a\u00f1os. Como no alcanzan la cantidad de aportes para cobrar la jubilaci\u00f3n m\u00ednima, se sujetar\u00edan a un esquema en donde recibir\u00edan un porcentaje de la\u00a0<strong>Prestaci\u00f3n B\u00e1sica Universal (PBU),<\/strong>\u00a0con un adicional del 1,5% por cada a\u00f1o de aportes.<\/p>\n<p>Un proyecto similar fue enviado por el bonaerense\u00a0<strong>Nicol\u00e1s Massot (Encuentro Federal)<\/strong>, que tambi\u00e9n busca dise\u00f1ar un modelo que les permita a los trabajadores que no lleguen a los 30 a\u00f1os de aportes recibir un ingreso superior a la PUAM pero menor a la jubilaci\u00f3n m\u00ednima.\u00a0<strong>Tambi\u00e9n se ata a la PBU (en marzo del 2025, es del $127.685,44) y a un porcentaje vinculado al tiempo de aporte para definir los haberes.\u00a0<\/strong>\u00abEst\u00e1n hablando con otros bloques para acordar una propuesta com\u00fan\u00bb, expresaron desde el entorno del diputado a \u00c1mbito Financiero. <strong>(VW)<\/strong><\/p>\n<p>&nbsp;<\/p>\n","protected":false},"excerpt":{"rendered":"<p>Frente al Congreso, se registraron empujones y gritos entre manifestantes y las distintas fuerzas de seguridad federales. Luego del fin de la moratoria previsional, se intensificaron los reclamos para que mejoren las condiciones de&#46;&#46;&#46;<\/p>\n","protected":false},"author":4,"featured_media":17370,"comment_status":"closed","ping_status":"closed","sticky":false,"template":"","format":"standard","meta":{"_monsterinsights_skip_tracking":false,"_monsterinsights_sitenote_active":false,"_monsterinsights_sitenote_note":"","_monsterinsights_sitenote_category":0,"footnotes":""},"categories":[4,5],"tags":[7412,7461,7538],"class_list":["post-17720","post","type-post","status-publish","format-standard","has-post-thumbnail","hentry","category-politica","category-sociedad","tag-disturbios","tag-marcha-jubilados","tag-periodista-herido"],"_links":{"self":[{"href":"https:\/\/www.visionweb.com.ar\/index.php?rest_route=\/wp\/v2\/posts\/17720","targetHints":{"allow":["GET"]}}],"collection":[{"href":"https:\/\/www.visionweb.com.ar\/index.php?rest_route=\/wp\/v2\/posts"}],"about":[{"href":"https:\/\/www.visionweb.com.ar\/index.php?rest_route=\/wp\/v2\/types\/post"}],"author":[{"embeddable":true,"href":"https:\/\/www.visionweb.com.ar\/index.php?rest_route=\/wp\/v2\/users\/4"}],"replies":[{"embeddable":true,"href":"https:\/\/www.visionweb.com.ar\/index.php?rest_route=%2Fwp%2Fv2%2Fcomments&post=17720"}],"version-history":[{"count":1,"href":"https:\/\/www.visionweb.com.ar\/index.php?rest_route=\/wp\/v2\/posts\/17720\/revisions"}],"predecessor-version":[{"id":17721,"href":"https:\/\/www.visionweb.com.ar\/index.php?rest_route=\/wp\/v2\/posts\/17720\/revisions\/17721"}],"wp:featuredmedia":[{"embeddable":true,"href":"https:\/\/www.visionweb.com.ar\/index.php?rest_route=\/wp\/v2\/media\/17370"}],"wp:attachment":[{"href":"https:\/\/www.visionweb.com.ar\/index.php?rest_route=%2Fwp%2Fv2%2Fmedia&parent=17720"}],"wp:term":[{"taxonomy":"category","embeddable":true,"href":"https:\/\/www.visionweb.com.ar\/index.php?rest_route=%2Fwp%2Fv2%2Fcategories&post=17720"},{"taxonomy":"post_tag","embeddable":true,"href":"https:\/\/www.visionweb.com.ar\/index.php?rest_route=%2Fwp%2Fv2%2Ftags&post=17720"}],"curies":[{"name":"wp","href":"https:\/\/api.w.org\/{rel}","templated":true}]}}