{"id":17718,"date":"2025-04-03T12:44:19","date_gmt":"2025-04-03T15:44:19","guid":{"rendered":"https:\/\/www.visionweb.com.ar\/?p=17718"},"modified":"2025-04-03T12:44:19","modified_gmt":"2025-04-03T15:44:19","slug":"arca-entre-despidos-jubilaciones-y-retiros-voluntarios-el-estado-nacional-debera-desembolsar-mas-de-300-mil-millones","status":"publish","type":"post","link":"https:\/\/www.visionweb.com.ar\/?p=17718","title":{"rendered":"ARCA: Entre despidos, jubilaciones y retiros voluntarios, el Estado nacional deber\u00e1 desembolsar m\u00e1s de $300 mil millones"},"content":{"rendered":"<p><em><strong>La Agencia se desprende de casi 3.000 empleados y deber\u00e1 pagar alrededor de $100 millones a cada uno.<\/strong><\/em><!--more--><\/p>\n<p><strong> <img loading=\"lazy\" decoding=\"async\" class=\"size-medium wp-image-16647 alignright\" src=\"https:\/\/www.visionweb.com.ar\/wp-content\/uploads\/2024\/12\/Arca-300x169.png\" alt=\"\" width=\"300\" height=\"169\" srcset=\"https:\/\/www.visionweb.com.ar\/wp-content\/uploads\/2024\/12\/Arca-300x169.png 300w, https:\/\/www.visionweb.com.ar\/wp-content\/uploads\/2024\/12\/Arca.png 560w\" sizes=\"auto, (max-width: 300px) 100vw, 300px\" \/> E<\/strong>l\u00a0<strong>Gobierno nacional\u00a0<\/strong>de<strong> Milei\u00a0<\/strong>avanz\u00f3 con el ajuste en la\u00a0<strong>Agencia de Recaudaci\u00f3n y Control Aduanero\u00a0<\/strong>(<strong><a href=\"https:\/\/www.afip.gob.ar\/\">ARCA<\/a><\/strong>), la ex\u00a0<strong>Administraci\u00f3n Federal de Ingresos P\u00fablicos\u00a0<\/strong>(<strong>AFIP<\/strong>), con un masivo recorte de personal, que involucra la salida de casi 3.000 empleados, entre jubilaciones y retiros voluntarios.<\/p>\n<p>La medida, ejecutada mediante una disposici\u00f3n publicada esta ma\u00f1ana en el\u00a0<strong>Bolet\u00edn Oficial\u00a0<\/strong>y firmada por el director ejecutivo\u00a0<strong>Juan Pazo<\/strong>, incluy\u00f3 indemnizaciones especiales para los ex trabajadores de\u00a0<strong>ARCA\u00a0<\/strong>que elevaron la erogaci\u00f3n estatal a cifras millonarias, en medio de un contexto de tensi\u00f3n sindical y ca\u00edda en la recaudaci\u00f3n.<\/p>\n<p>Es preciso mencionar que, esta desvinculaci\u00f3n de empleados, se da en el marco de la segunda etapa del plan de jubilaciones y retiros anticipados, que se complet\u00f3 el 31 de marzo de este a\u00f1o. Como parte del esquema de compensaciones, el Estado debi\u00f3 abonar al menos 20 sueldos adelantados a los trabajadores que dejaron el organismo.<\/p>\n<p>Del total de empleados retirados, el <strong>70% pertenec\u00eda al Grupo 26, es decir, ocupaban puestos de directivos o altos directivos<\/strong>, lo que gener\u00f3 un desembolso promedio de $100 millones por persona, monto que escal\u00f3 a $120 millones en los casos de personal altamente especializado. En total, el costo fiscal del <strong>plan de desvinculaci\u00f3n en\u00a0ARCA\u00a0ascendi\u00f3 a aproximadamente $330.000 millones.<\/strong><\/p>\n<p>El impacto de esta reducci\u00f3n tambi\u00e9n se reflej\u00f3 en una migraci\u00f3n masiva de empleados calificados hacia el sector privado. Estudios contables y consultoras especializadas, incluidas las denominadas \u201cBig Four\u201d, captaron a ex agentes de\u00a0<strong>ARCA\u00a0<\/strong>que ahora asesoran a empresas en temas fiscales, una situaci\u00f3n que preocupa al\u00a0<strong>Gobierno nacional<\/strong>, ya que <strong>disminuye la capacidad de fiscalizaci\u00f3n estatal.<\/strong><\/p>\n<p>Adem\u00e1s, el recorte de personal en\u00a0<strong>ARCA\u00a0<\/strong>se complement\u00f3 con el <strong>cierre de un centenar de delegaciones en el interior del pa\u00eds<\/strong>. Sin embargo, la decisi\u00f3n no se bas\u00f3 en criterios recaudatorios, sino en la cantidad de atenciones presenciales registradas desde la asunci\u00f3n de\u00a0<strong>Milei\u00a0<\/strong>a la fecha.<\/p>\n<p>Esto provoc\u00f3 el reclamo de un centenar de legisladores provinciales, ya que algunas delegaciones clausuradas de\u00a0<strong>ARCA<\/strong>, como la de\u00a0<strong>Chilecito\u00a0<\/strong>en\u00a0<strong>La Rioja<\/strong>, generaban m\u00e1s recaudaci\u00f3n para el Estado que otras ubicadas en las capitales provinciales.<\/p>\n<p>La eliminaci\u00f3n de estas oficinas gener\u00f3 inconvenientes en la atenci\u00f3n a contribuyentes de alto perfil y afect\u00f3 el cumplimiento de metas fiscales, en un contexto de ca\u00edda real en la recaudaci\u00f3n. Tambi\u00e9n deriv\u00f3 en el traslado de empleados, lo que increment\u00f3 los costos operativos del organismo.<\/p>\n<p>A esta situaci\u00f3n, se sum\u00f3 la <strong>indignaci\u00f3n de los gremios<\/strong> que representan a los empleados de\u00a0<strong>ARCA<\/strong>, principalmente\u00a0<strong>AEFIP<\/strong>,\u00a0<strong>Supara\u00a0<\/strong>(<strong>Aduana<\/strong>) y la\u00a0<strong>Uni\u00f3n del Personal Superior<\/strong>. Uno de los puntos de conflicto fue la reducci\u00f3n del\u00a0<strong>Fondo de Jerarquizaci\u00f3n<\/strong>, un incentivo salarial vinculado a los niveles de recaudaci\u00f3n. Con la recaudaci\u00f3n en declive, los ingresos de los trabajadores se vieron afectados, lo que agrav\u00f3 el malestar.<\/p>\n<p><strong>Medidas de fuerza y paralizaci\u00f3n de actividades<\/strong><\/p>\n<p>Como respuesta al ajuste, los sindicatos que nuclean a los trabajadores de\u00a0<strong>ARCA\u00a0<\/strong>coordinaron medidas de fuerza sin precedentes en el organismo. Desde el martes y <strong>hasta este mismo jueves, se lleva a cabo un \u201capag\u00f3n inform\u00e1tico\u201d<\/strong> de cuatro horas diarias, y desde\u00a0<strong>Aduana\u00a0<\/strong>se anunci\u00f3 una intensificaci\u00f3n de las protestas en reclamo de recomposici\u00f3n salarial y el levantamiento de una cautelar que impide despidos.<\/p>\n<p>El 3 y 4 de abril, la\u00a0<strong>Aduana\u00a0<\/strong>paralizar\u00e1 actividades en el\u00a0<strong>AMBA\u00a0<\/strong>entre las 9 y las 17 horas, y en el interior del pa\u00eds entre las 8 y las 16 horas. La medida afectar\u00e1 todas las operaciones aduaneras, salvo aquellas vinculadas con turismo, salud o causas humanitarias. En tanto, desde los sindicatos advirtieron que la escalada de protestas continuar\u00e1 y podr\u00eda extenderse si el\u00a0<strong>Gobierno\u00a0<\/strong>no reconsidera su postura.<\/p>\n<p>El secretario general de\u00a0<strong>Uni\u00f3n del Personal Superior de AFIP<\/strong>\u00a0(<strong>UPSAFIP<\/strong>),\u00a0<strong>Julio Est\u00e9vez<\/strong>, declar\u00f3 que \u201cmiles de millones de pesos que le hacen falta a los argentinos fueron pagados por el Estado para trasladar a los mejores y m\u00e1s formados hombres del fisco al sector privado para defender evasores\u201d. Seg\u00fan\u00a0<strong>Est\u00e9vez<\/strong>, esta situaci\u00f3n representa \u201cla destrucci\u00f3n de la tarea de fiscalizaci\u00f3n y control del Estado a costa del bolsillo de todos los argentinos\u201d.<\/p>\n<p>El conflicto se agrava en un contexto de ca\u00edda de la recaudaci\u00f3n en t\u00e9rminos reales, lo que impacta en las arcas p\u00fablicas y en el cumplimiento de metas fiscales. La reducci\u00f3n de personal en\u00a0<strong>ARCA\u00a0<\/strong>y el cierre de delegaciones podr\u00edan traducirse en una menor capacidad para detectar evasiones y optimizar el cobro de impuestos.<\/p>\n<p>Aunque el\u00a0<strong>Gobierno nacional\u00a0<\/strong>a\u00fan tiene margen para continuar con la reestructuraci\u00f3n del organismo, la p\u00e9rdida de personal especializado representa un desaf\u00edo adicional. Mientras tanto, las protestas gremiales y la presi\u00f3n pol\u00edtica crecen, dejando al Ejecutivo en una situaci\u00f3n compleja de cara a los pr\u00f3ximos meses. <strong>(VW)<\/strong><\/p>\n","protected":false},"excerpt":{"rendered":"<p>La Agencia se desprende de casi 3.000 empleados y deber\u00e1 pagar alrededor de $100 millones a cada uno.<\/p>\n","protected":false},"author":4,"featured_media":16647,"comment_status":"closed","ping_status":"closed","sticky":false,"template":"","format":"standard","meta":{"_monsterinsights_skip_tracking":false,"_monsterinsights_sitenote_active":false,"_monsterinsights_sitenote_note":"","_monsterinsights_sitenote_category":0,"footnotes":""},"categories":[6,4],"tags":[881,6857,7537],"class_list":["post-17718","post","type-post","status-publish","format-standard","has-post-thumbnail","hentry","category-economia","category-politica","tag-afip","tag-arca","tag-desvinculacion-de-empleados"],"_links":{"self":[{"href":"https:\/\/www.visionweb.com.ar\/index.php?rest_route=\/wp\/v2\/posts\/17718","targetHints":{"allow":["GET"]}}],"collection":[{"href":"https:\/\/www.visionweb.com.ar\/index.php?rest_route=\/wp\/v2\/posts"}],"about":[{"href":"https:\/\/www.visionweb.com.ar\/index.php?rest_route=\/wp\/v2\/types\/post"}],"author":[{"embeddable":true,"href":"https:\/\/www.visionweb.com.ar\/index.php?rest_route=\/wp\/v2\/users\/4"}],"replies":[{"embeddable":true,"href":"https:\/\/www.visionweb.com.ar\/index.php?rest_route=%2Fwp%2Fv2%2Fcomments&post=17718"}],"version-history":[{"count":1,"href":"https:\/\/www.visionweb.com.ar\/index.php?rest_route=\/wp\/v2\/posts\/17718\/revisions"}],"predecessor-version":[{"id":17719,"href":"https:\/\/www.visionweb.com.ar\/index.php?rest_route=\/wp\/v2\/posts\/17718\/revisions\/17719"}],"wp:featuredmedia":[{"embeddable":true,"href":"https:\/\/www.visionweb.com.ar\/index.php?rest_route=\/wp\/v2\/media\/16647"}],"wp:attachment":[{"href":"https:\/\/www.visionweb.com.ar\/index.php?rest_route=%2Fwp%2Fv2%2Fmedia&parent=17718"}],"wp:term":[{"taxonomy":"category","embeddable":true,"href":"https:\/\/www.visionweb.com.ar\/index.php?rest_route=%2Fwp%2Fv2%2Fcategories&post=17718"},{"taxonomy":"post_tag","embeddable":true,"href":"https:\/\/www.visionweb.com.ar\/index.php?rest_route=%2Fwp%2Fv2%2Ftags&post=17718"}],"curies":[{"name":"wp","href":"https:\/\/api.w.org\/{rel}","templated":true}]}}