{"id":17715,"date":"2025-04-03T12:20:23","date_gmt":"2025-04-03T15:20:23","guid":{"rendered":"https:\/\/www.visionweb.com.ar\/?p=17715"},"modified":"2025-04-03T12:20:23","modified_gmt":"2025-04-03T15:20:23","slug":"comenzo-una-megaobra-de-restauracion-en-el-centro-cultural-general-san-martin","status":"publish","type":"post","link":"https:\/\/www.visionweb.com.ar\/?p=17715","title":{"rendered":"Comenz\u00f3 una megaobra de restauraci\u00f3n en el Centro Cultural General San Mart\u00edn"},"content":{"rendered":"<p><em><strong>Se trata de la puesta en valor del ic\u00f3nico Centro. El jefe de Gobierno Jorge Macri realiz\u00f3 una presentaci\u00f3n para dar a conocer detalles del proyecto.<\/strong><\/em><!--more--><\/p>\n<div id=\"attachment_17716\" style=\"width: 310px\" class=\"wp-caption alignright\"><img loading=\"lazy\" decoding=\"async\" aria-describedby=\"caption-attachment-17716\" class=\"wp-image-17716 size-medium\" src=\"https:\/\/www.visionweb.com.ar\/wp-content\/uploads\/2025\/04\/teatro-san-martin-proyecto-restauracion-300x169.png\" alt=\"\" width=\"300\" height=\"169\" srcset=\"https:\/\/www.visionweb.com.ar\/wp-content\/uploads\/2025\/04\/teatro-san-martin-proyecto-restauracion-300x169.png 300w, https:\/\/www.visionweb.com.ar\/wp-content\/uploads\/2025\/04\/teatro-san-martin-proyecto-restauracion.png 628w\" sizes=\"auto, (max-width: 300px) 100vw, 300px\" \/><p id=\"caption-attachment-17716\" class=\"wp-caption-text\">El proyecto del CCGSM. Foto: Cultura Caba<\/p><\/div>\n<p><strong>E<\/strong>l <strong>jefe de Gobierno porte\u00f1o, Jorge Macri<\/strong>, anunci\u00f3 el inicio de los trabajos<strong> para restaurar y poner en valor el Centro Cultural General San Mart\u00edn, <\/strong>mediante una megaobra que durar\u00e1 tres a\u00f1os, con una inversi\u00f3n de $35 mil millones.<\/p>\n<p>A trav\u00e9s de una conferencia de prensa, Jorge Macri anunci\u00f3 que comenz\u00f3 la megaobra para restaurar y poner en valor uno de los \u00edconos m\u00e1s representativos de la identidad cultural porte\u00f1a, el Centro Cultural General San Mart\u00edn, ubicado en las calles Sarmiento y Paran\u00e1.<\/p>\n<p>En el \u00faltimo tiempo empezaron las obras en el edificio de 12 pisos: \u201cQueremos que vuelva a ser un espacio de referencia para la vida cultural, pol\u00edtica y social porte\u00f1a, argentina y latinoamericana\u201d, dijo.<\/p>\n<p>\u201cMe da mucha tristeza, un patrimonio como el Centro Cultural San Mart\u00edn no deber\u00eda estar en semejantes condiciones de abandono. Es uno de los epicentros de nuestra actividad cultural y vamos a recuperar el esplendor que se perdi\u00f3 con el paso del tiempo, da\u00f1ando parte de la identidad porte\u00f1a\u201d, sostuvo el jefe de Gobierno.<\/p>\n<p>Las autoridades detallaron que se trata de la inversi\u00f3n m\u00e1s grande en infraestructura cultural de la gesti\u00f3n, en la que se busca\u00a0\u201cseguir fortaleciendo el rol de Buenos Aires como una ciudad l\u00edder y abierta a la innovaci\u00f3n cultural\u201d.<\/p>\n<p>Adem\u00e1s, sumaron que buscan reactivar el corredor del \u201cOff Corrientes\u00bb, que se encuentra entre las calles Callao, Sarmiento, Rivadavia y Cerrito. Se trata de una zona clave para el teatro, la m\u00fasica y los negocios de instrumentos musicales.<\/p>\n<p>\u201cComo siempre sostenemos: la cultura no es un gasto. Para nosotros es una inversi\u00f3n, es apoyar el talento y potenciar nuestro capital humano, y reconocer que lo m\u00e1s relevante que tiene la cultura es c\u00f3mo nos conecta con la emoci\u00f3n. Eso es lo verdaderamente transformador\u201d, explic\u00f3 Jorge Macri desde la Sala A-B del Centro.<\/p>\n<p>El jefe de Gobierno estuvo junto con la ministra de Cultura, Gabriela Ricardes, y de Infraestructura, Pablo Bereciartua.<\/p>\n<p>Esta gran noticia fue en el marco de la <strong>Agenda Buenos Aires 2025<\/strong>:\u00a0\u201c<strong>La inversi\u00f3n se har\u00e1 sin comprometer el super\u00e1vit ni tomar deuda<\/strong>, gracias a la responsabilidad fiscal del Gobierno de la Ciudad\u201d.<\/p>\n<p>El plan fue concebido a partir de una planificaci\u00f3n que resguarda los valores patrimoniales del hist\u00f3rico edificio del arquitecto Mario Roberto Alvarez, inaugurado en 1970, cuando se transform\u00f3 en una vigorosa expresi\u00f3n del dise\u00f1o arquitect\u00f3nico moderno y vanguardista. All\u00ed funcion\u00f3 durante dos a\u00f1os la Comisi\u00f3n Nacional sobre la Desaparici\u00f3n de Personas (CONADEP), creada en diciembre de 1983.<\/p>\n<p>\u201cAlcanza a todo el ecosistema art\u00edstico del teatro y la m\u00fasica, as\u00ed como a la revitalizaci\u00f3n urbana\u201d, explic\u00f3.<\/p>\n<p>\u201cEn estos a\u00f1os renovamos toda la infraestructura cultural de la Ciudad. Cuando Mauricio lleg\u00f3, se encontr\u00f3 con un Teatro Col\u00f3n cerrado y una Usina del Arte en las peores condiciones y sin financiamiento. Lo mismo suced\u00eda con el Centro Cultural 25 de Mayo y con todo el Complejo Teatral de Buenos Aires. Y con cada obra que pone en valor un edificio ponemos el foco en su valor formador. El escenario importa, pero lo que realmente los convierte en faros, es su rol como escuelas de nuevos talentos. Por eso es tan importante, por ejemplo, entre otros, haberlo recuperado a Julio Bocca en ese teatro\u201d, expuso.<\/p>\n<p>El Centro enfrentaba un grave deterioro estructural en la fachada, en sus instalaciones generales y de incendios y en las salas. Para revertir esa situaci\u00f3n, el plan impulsa reformas para renovar servicios, garantizar condiciones de seguridad y funcionalidad, y lograr un considerable ahorro energ\u00e9tico con la incorporaci\u00f3n de sistemas de construcci\u00f3n sostenibles.<\/p>\n<p>Tambi\u00e9n se incorporar\u00e1 \u00faltima tecnolog\u00eda en salas como la A-B, la Alberdi y la Enrique Mui\u00f1o, aulas, talleres y oficinas.<\/p>\n<p>Adem\u00e1s, se le dar\u00e1 su esperado lugar al <strong>Conservatorio Manuel de Falla<\/strong>, que funcionar\u00e1 en una sede \u00fanica en el Centro: \u201cEl conservatorio es un aliado natural del Centro Cultural. Queremos que el Centro Cultural sea un referente como la Academia Juilliard de Nueva York, integrando m\u00fasica, danza y teatro\u201d, explic\u00f3 Jorge Macri.<\/p>\n<p>Jorge Macri indic\u00f3 que una parte de los trabajos, basada en la instalaci\u00f3n de bombas sumergibles en el sexto subsuelo, ya concluy\u00f3 y permiti\u00f3 evitar posibles inundaciones en los subsuelos.<\/p>\n<p>Tambi\u00e9n se suma una intervenci\u00f3n de la fachada vidriada de la torre \u201ccon el montaje de un andamio y el armado de estructuras protectoras que impidan la ca\u00edda de mamposter\u00eda para poder avanzar en los trabajos de carpinter\u00eda met\u00e1lica y en una nueva fachada con muro cortina\u201d.<\/p>\n<p>Una <strong>segunda etapa<\/strong> prev\u00e9 la renovaci\u00f3n integral de las salas A-B, la impermeabilizaci\u00f3n de la cubierta, la puesta en valor y readecuaci\u00f3n tecnol\u00f3gica del resto de niveles de la torre, desde el piso segundo al duod\u00e9cimo y desde el primero al sexto subsuelo, junto con la aislaci\u00f3n de cubiertas y medianeras.<\/p>\n<p>Luego, en una <strong>tercera y \u00faltima etapa<\/strong>, se va a instalar el equipamiento necesario para las salas, aulas, talleres y oficinas seg\u00fan el programa de uso del CCGSM.<\/p>\n<p>Para finalizar, Jorge Macri asegur\u00f3:\u00a0\u201cEn la Ciudad, la cultura es identidad, crecimiento y es talento que siempre vamos a apoyar y sostener. Porque nos transforma y nos hace\u00a0m\u00e1s\u00a0libres\u201d. <strong>(VW)<\/strong><\/p>\n<p>&nbsp;<\/p>\n","protected":false},"excerpt":{"rendered":"<p>Se trata de la puesta en valor del ic\u00f3nico Centro. El jefe de Gobierno Jorge Macri realiz\u00f3 una presentaci\u00f3n para dar a conocer detalles del proyecto.<\/p>\n","protected":false},"author":4,"featured_media":17716,"comment_status":"closed","ping_status":"closed","sticky":false,"template":"","format":"standard","meta":{"_monsterinsights_skip_tracking":false,"_monsterinsights_sitenote_active":false,"_monsterinsights_sitenote_note":"","_monsterinsights_sitenote_category":0,"footnotes":""},"categories":[7,4],"tags":[7535,5263,7536,314],"class_list":["post-17715","post","type-post","status-publish","format-standard","has-post-thumbnail","hentry","category-educacion-y-cultura","category-politica","tag-centro-cultural-general-san-martin","tag-jorge-macri","tag-megaobra","tag-restauracion"],"_links":{"self":[{"href":"https:\/\/www.visionweb.com.ar\/index.php?rest_route=\/wp\/v2\/posts\/17715","targetHints":{"allow":["GET"]}}],"collection":[{"href":"https:\/\/www.visionweb.com.ar\/index.php?rest_route=\/wp\/v2\/posts"}],"about":[{"href":"https:\/\/www.visionweb.com.ar\/index.php?rest_route=\/wp\/v2\/types\/post"}],"author":[{"embeddable":true,"href":"https:\/\/www.visionweb.com.ar\/index.php?rest_route=\/wp\/v2\/users\/4"}],"replies":[{"embeddable":true,"href":"https:\/\/www.visionweb.com.ar\/index.php?rest_route=%2Fwp%2Fv2%2Fcomments&post=17715"}],"version-history":[{"count":1,"href":"https:\/\/www.visionweb.com.ar\/index.php?rest_route=\/wp\/v2\/posts\/17715\/revisions"}],"predecessor-version":[{"id":17717,"href":"https:\/\/www.visionweb.com.ar\/index.php?rest_route=\/wp\/v2\/posts\/17715\/revisions\/17717"}],"wp:featuredmedia":[{"embeddable":true,"href":"https:\/\/www.visionweb.com.ar\/index.php?rest_route=\/wp\/v2\/media\/17716"}],"wp:attachment":[{"href":"https:\/\/www.visionweb.com.ar\/index.php?rest_route=%2Fwp%2Fv2%2Fmedia&parent=17715"}],"wp:term":[{"taxonomy":"category","embeddable":true,"href":"https:\/\/www.visionweb.com.ar\/index.php?rest_route=%2Fwp%2Fv2%2Fcategories&post=17715"},{"taxonomy":"post_tag","embeddable":true,"href":"https:\/\/www.visionweb.com.ar\/index.php?rest_route=%2Fwp%2Fv2%2Ftags&post=17715"}],"curies":[{"name":"wp","href":"https:\/\/api.w.org\/{rel}","templated":true}]}}