{"id":17711,"date":"2025-04-02T17:41:31","date_gmt":"2025-04-02T20:41:31","guid":{"rendered":"https:\/\/www.visionweb.com.ar\/?p=17711"},"modified":"2025-04-02T17:43:16","modified_gmt":"2025-04-02T20:43:16","slug":"en-lanus-se-recordo-el-43o-en-el-dia-de-las-malvinas","status":"publish","type":"post","link":"https:\/\/www.visionweb.com.ar\/?p=17711","title":{"rendered":"En Lan\u00fas se record\u00f3 el 43\u00ba aniversario del desembarco en las Islas Malvinas"},"content":{"rendered":"<p><em><strong>En la v\u00edspera hubo una vigilia y cientos de vecinos, junto a los ex combatientes participaron de la caminata de antorchas hasta la plazoleta\u00a0 \u00a0\u00abH\u00e9roes de Malvinas\u00bb.<\/strong><\/em> <!--more--><\/p>\n<p><img loading=\"lazy\" decoding=\"async\" class=\"size-medium wp-image-17712 alignright\" src=\"https:\/\/www.visionweb.com.ar\/wp-content\/uploads\/2025\/04\/DIA-DE-LAS-MALVINAS-300x200.jpeg\" alt=\"\" width=\"300\" height=\"200\" srcset=\"https:\/\/www.visionweb.com.ar\/wp-content\/uploads\/2025\/04\/DIA-DE-LAS-MALVINAS-300x200.jpeg 300w, https:\/\/www.visionweb.com.ar\/wp-content\/uploads\/2025\/04\/DIA-DE-LAS-MALVINAS.jpeg 640w\" sizes=\"auto, (max-width: 300px) 100vw, 300px\" \/>El intendente de Lan\u00fas, Juli\u00e1n \u00c1lvarez, particip\u00f3 de un nuevo e hist\u00f3rico desfile c\u00edvico militar conmemorativo por el D\u00eda del Veterano y de los Ca\u00eddos en la Guerra de Malvinas.<\/p>\n<p>Miles de personas se acercaron a la Plazoleta H\u00e9roes de Malvinas para ser parte de una jornada emotiva en honor y gloria a los h\u00e9roes de guerra oriundos de Lan\u00fas.<\/p>\n<p>Previamente, la noche anterior, en v\u00edsperas del 2 de abril, una fecha fundamental para la identidad del pueblo argentino, y con la presencia del intendente \u00c1lvarez, se llev\u00f3 a cabo la tradicional vigilia y caminata de antorchas junto a un centenar de vecinos, que se dirigieron desde la Municipalidad hacia la Plazoleta H\u00e9roes de Malvinas<strong>(VW)<\/strong>.<\/p>\n","protected":false},"excerpt":{"rendered":"<p>En la v\u00edspera hubo una vigilia y cientos de vecinos, junto a los ex combatientes participaron de la caminata de antorchas hasta la plazoleta\u00a0 \u00a0\u00abH\u00e9roes de Malvinas\u00bb.<\/p>\n","protected":false},"author":3,"featured_media":17712,"comment_status":"closed","ping_status":"closed","sticky":false,"template":"","format":"standard","meta":{"_monsterinsights_skip_tracking":false,"_monsterinsights_sitenote_active":false,"_monsterinsights_sitenote_note":"","_monsterinsights_sitenote_category":0,"footnotes":""},"categories":[3],"tags":[1150,2015,7534],"class_list":["post-17711","post","type-post","status-publish","format-standard","has-post-thumbnail","hentry","category-actualidad","tag-alvarez","tag-malvinas","tag-plazoleta"],"_links":{"self":[{"href":"https:\/\/www.visionweb.com.ar\/index.php?rest_route=\/wp\/v2\/posts\/17711","targetHints":{"allow":["GET"]}}],"collection":[{"href":"https:\/\/www.visionweb.com.ar\/index.php?rest_route=\/wp\/v2\/posts"}],"about":[{"href":"https:\/\/www.visionweb.com.ar\/index.php?rest_route=\/wp\/v2\/types\/post"}],"author":[{"embeddable":true,"href":"https:\/\/www.visionweb.com.ar\/index.php?rest_route=\/wp\/v2\/users\/3"}],"replies":[{"embeddable":true,"href":"https:\/\/www.visionweb.com.ar\/index.php?rest_route=%2Fwp%2Fv2%2Fcomments&post=17711"}],"version-history":[{"count":2,"href":"https:\/\/www.visionweb.com.ar\/index.php?rest_route=\/wp\/v2\/posts\/17711\/revisions"}],"predecessor-version":[{"id":17714,"href":"https:\/\/www.visionweb.com.ar\/index.php?rest_route=\/wp\/v2\/posts\/17711\/revisions\/17714"}],"wp:featuredmedia":[{"embeddable":true,"href":"https:\/\/www.visionweb.com.ar\/index.php?rest_route=\/wp\/v2\/media\/17712"}],"wp:attachment":[{"href":"https:\/\/www.visionweb.com.ar\/index.php?rest_route=%2Fwp%2Fv2%2Fmedia&parent=17711"}],"wp:term":[{"taxonomy":"category","embeddable":true,"href":"https:\/\/www.visionweb.com.ar\/index.php?rest_route=%2Fwp%2Fv2%2Fcategories&post=17711"},{"taxonomy":"post_tag","embeddable":true,"href":"https:\/\/www.visionweb.com.ar\/index.php?rest_route=%2Fwp%2Fv2%2Ftags&post=17711"}],"curies":[{"name":"wp","href":"https:\/\/api.w.org\/{rel}","templated":true}]}}