{"id":17702,"date":"2025-04-02T12:20:33","date_gmt":"2025-04-02T15:20:33","guid":{"rendered":"https:\/\/www.visionweb.com.ar\/?p=17702"},"modified":"2025-04-02T12:20:33","modified_gmt":"2025-04-02T15:20:33","slug":"dia-mundial-del-autismo-nuevo-programa-teabraza-en-lanus","status":"publish","type":"post","link":"https:\/\/www.visionweb.com.ar\/?p=17702","title":{"rendered":"D\u00eda Mundial del Autismo: Nuevo programa TEAbraza en Lan\u00fas"},"content":{"rendered":"<p><em><strong>El Municipio cre\u00f3 la Tarjeta Azul, que facilita la priorizaci\u00f3n en la atenci\u00f3n.<\/strong><\/em><!--more--><\/p>\n<p><strong> <img loading=\"lazy\" decoding=\"async\" class=\"size-medium wp-image-17703 alignright\" src=\"https:\/\/www.visionweb.com.ar\/wp-content\/uploads\/2025\/04\/ProgramaTEAbraza-lanus-240x300.jpg\" alt=\"\" width=\"240\" height=\"300\" srcset=\"https:\/\/www.visionweb.com.ar\/wp-content\/uploads\/2025\/04\/ProgramaTEAbraza-lanus-240x300.jpg 240w, https:\/\/www.visionweb.com.ar\/wp-content\/uploads\/2025\/04\/ProgramaTEAbraza-lanus.jpg 424w\" sizes=\"auto, (max-width: 240px) 100vw, 240px\" \/>\u00a0\u00a0 E<\/strong>n el marco del <strong>D\u00eda Mundial de Concientizaci\u00f3n sobre el Autismo<\/strong>, <strong>Lan\u00fas Gobierno<\/strong> present\u00f3 el <strong>programa TEAbraza<\/strong>.<\/p>\n<p>Esta pol\u00edtica p\u00fablica proporciona la\u00a0<strong>Tarjeta Azul<\/strong>, que se suma y potencia la credencial del <strong>CUD<\/strong>, la cual permitir\u00e1 el acceso en \u00e1reas claves del Municipio, garantizando prioridad en la atenci\u00f3n del p\u00fablico.<\/p>\n<p>Para su implementaci\u00f3n, se llev\u00f3 a cabo la presentaci\u00f3n de un proyecto de ordenanza municipal que formaliza su creaci\u00f3n, garantizando su uso y aplicaci\u00f3n en distintos \u00e1mbitos del Municipio, inform\u00f3 Prensa de la Comuna.<\/p>\n<p>Para poder adquirirla, ingresar en\u00a0<a href=\"http:\/\/www.lanus.gob.ar\/TEAbraza\">www.lanus.gob.ar\/TEAbraza<\/a><\/p>\n<p>Para m\u00e1s informaci\u00f3n, dirigirse hacia la Direcci\u00f3n General de Discapacidad, situada en Dr. Luis A. M\u00e1spero 35, Remedios de Escalada, los d\u00edas lunes, mi\u00e9rcoles y viernes de 14 a 19hs. <strong>(VW)<\/strong><\/p>\n<p>&nbsp;<\/p>\n","protected":false},"excerpt":{"rendered":"<p>El Municipio cre\u00f3 la Tarjeta Azul, que facilita la priorizaci\u00f3n en la atenci\u00f3n.<\/p>\n","protected":false},"author":4,"featured_media":17703,"comment_status":"closed","ping_status":"closed","sticky":false,"template":"","format":"standard","meta":{"_monsterinsights_skip_tracking":false,"_monsterinsights_sitenote_active":false,"_monsterinsights_sitenote_note":"","_monsterinsights_sitenote_category":0,"footnotes":""},"categories":[4,5],"tags":[7533,19,7532],"class_list":["post-17702","post","type-post","status-publish","format-standard","has-post-thumbnail","hentry","category-politica","category-sociedad","tag-dia-del-autismo","tag-lanus","tag-programa-teabraza"],"_links":{"self":[{"href":"https:\/\/www.visionweb.com.ar\/index.php?rest_route=\/wp\/v2\/posts\/17702","targetHints":{"allow":["GET"]}}],"collection":[{"href":"https:\/\/www.visionweb.com.ar\/index.php?rest_route=\/wp\/v2\/posts"}],"about":[{"href":"https:\/\/www.visionweb.com.ar\/index.php?rest_route=\/wp\/v2\/types\/post"}],"author":[{"embeddable":true,"href":"https:\/\/www.visionweb.com.ar\/index.php?rest_route=\/wp\/v2\/users\/4"}],"replies":[{"embeddable":true,"href":"https:\/\/www.visionweb.com.ar\/index.php?rest_route=%2Fwp%2Fv2%2Fcomments&post=17702"}],"version-history":[{"count":1,"href":"https:\/\/www.visionweb.com.ar\/index.php?rest_route=\/wp\/v2\/posts\/17702\/revisions"}],"predecessor-version":[{"id":17704,"href":"https:\/\/www.visionweb.com.ar\/index.php?rest_route=\/wp\/v2\/posts\/17702\/revisions\/17704"}],"wp:featuredmedia":[{"embeddable":true,"href":"https:\/\/www.visionweb.com.ar\/index.php?rest_route=\/wp\/v2\/media\/17703"}],"wp:attachment":[{"href":"https:\/\/www.visionweb.com.ar\/index.php?rest_route=%2Fwp%2Fv2%2Fmedia&parent=17702"}],"wp:term":[{"taxonomy":"category","embeddable":true,"href":"https:\/\/www.visionweb.com.ar\/index.php?rest_route=%2Fwp%2Fv2%2Fcategories&post=17702"},{"taxonomy":"post_tag","embeddable":true,"href":"https:\/\/www.visionweb.com.ar\/index.php?rest_route=%2Fwp%2Fv2%2Ftags&post=17702"}],"curies":[{"name":"wp","href":"https:\/\/api.w.org\/{rel}","templated":true}]}}