{"id":17701,"date":"2025-04-02T12:31:14","date_gmt":"2025-04-02T15:31:14","guid":{"rendered":"https:\/\/www.visionweb.com.ar\/?p=17701"},"modified":"2025-04-02T12:40:21","modified_gmt":"2025-04-02T15:40:21","slug":"el-gobierno-reconocio-a-excombatientes-de-malvinas-como-subtenientes-de-reserva","status":"publish","type":"post","link":"https:\/\/www.visionweb.com.ar\/?p=17701","title":{"rendered":"El Gobierno reconoci\u00f3 a excombatientes de Malvinas como subtenientes de reserva"},"content":{"rendered":"<p><strong><em>El anuncio se conoci\u00f3 este 2 de abril en el marco del 43\u00ba Aniversario de la recuperaci\u00f3n de las Islas Malvinas. El Presidente\u00a0 y reafirm\u00f3 el reclamo por la soberan\u00eda argentina sobre el archipi\u00e9lago.<\/em><\/strong><!--more--><\/p>\n<div id=\"attachment_17705\" style=\"width: 310px\" class=\"wp-caption alignright\"><img loading=\"lazy\" decoding=\"async\" aria-describedby=\"caption-attachment-17705\" class=\"wp-image-17705 size-medium\" src=\"https:\/\/www.visionweb.com.ar\/wp-content\/uploads\/2025\/04\/HOMENAJE-MALVINAS-300x169.png\" alt=\"\" width=\"300\" height=\"169\" srcset=\"https:\/\/www.visionweb.com.ar\/wp-content\/uploads\/2025\/04\/HOMENAJE-MALVINAS-300x169.png 300w, https:\/\/www.visionweb.com.ar\/wp-content\/uploads\/2025\/04\/HOMENAJE-MALVINAS.png 640w\" sizes=\"auto, (max-width: 300px) 100vw, 300px\" \/><p id=\"caption-attachment-17705\" class=\"wp-caption-text\"><em><strong>El presidente Javier Milei revindic\u00f3 el reclamo de soberan\u00eda sobre las Islas Malvinas (Foto Internet) <\/strong><\/em><\/p><\/div>\n<p>En el 43\u00b0 aniversario del inicio de la Guerra de Malvinas, el presidente\u00a0<strong>Javier Milei<\/strong>\u00a0firm\u00f3 un decreto mediante el cual\u00a0<strong>se reconocer\u00e1 con el rango de subtenientes de reserva a todos los soldados aspirantes a oficiales de reserva (AOR) que combatieron en el conflicto del Atl\u00e1ntico Sur<\/strong>\u00a0y que hasta hoy no hab\u00edan sido oficialmente ascendidos.<\/p>\n<p>La Oficina del Presidente reafirma, a 43 a\u00f1os de la Guerra de Malvinas, el reclamo inclaudicable de la Rep\u00fablica Argentina por la soberan\u00eda sobre las Islas Malvinas, Georgias del Sur, S\u00e1ndwich del Sur y los espacios mar\u00edtimos circundantes, reafirmando su compromiso con esta causa hist\u00f3rica.<\/p>\n<p>La medida fue anunciada este mi\u00e9rcoles a primera hora a trav\u00e9s de un comunicado oficial de la Oficina del Presidente, donde\u00a0<strong>se reafirma adem\u00e1s el reclamo de soberan\u00eda argentino sobre las Islas Malvinas, Georgias del Sur, S\u00e1ndwich del Sur y los espacios mar\u00edtimos circundantes, <\/strong>se\u00f1al\u00f3 un Comunicado de la Oficina del Presidente.<\/p>\n<p>En este contexto, el Presidente Javier Milei decret\u00f3 el reconocimiento como Subtenientes de Reserva a todos los Soldados Aspirantes a Oficiales de Reserva (AOR) que combatieron en el conflicto y que, hasta el momento, no hab\u00edan recibido dicho rango, en un acto de justicia hacia quienes defendieron la Patria con honor.<\/p>\n<p>\u00abEl leg\u00edtimo reclamo de soberan\u00eda debe sustentarse con acciones concretas y no con meros discursos. El reconocimiento y el respeto hacia las Fuerzas Armadas constituyen un pilar fundamental para fortalecer nuestra posici\u00f3n en el \u00e1mbito internacional. El primer paso para impulsar nuestras demandas es honrar a quienes hist\u00f3ricamente han peleado y dado su vida por ellas\u00bb, sostuvo el Presidente en el acto de homenaje que se realizo en el Cenotafio ubicado en la Plaza San Mart\u00edn, ciudad de Buenos Aires.<\/p>\n<p>Un a\u00f1o atr\u00e1s, el Presidente Javier Milei anunci\u00f3 a las Fuerzas Armadas y a los Veteranos de Malvinas el fin de una era en la que la pol\u00edtica los estigmatizaba y desvalorizaba. Con este Gobierno, se ha iniciado un proceso de reconciliaci\u00f3n nacional que devuelve a nuestras fuerzas el respeto y la dignidad que les fueron negados durante d\u00e9cadas. Este decreto es una muestra tangible de ese compromiso.<\/p>\n<p>El Presidente Javier Milei continuar\u00e1 trabajando para fortalecer a las Fuerzas Armadas y honrar la memoria de quienes dieron su vida por nuestra Naci\u00f3n, reafirmando que la defensa de la soberan\u00eda es una causa que une a todos los argentinos. La lucha por las Malvinas no cesar\u00e1 hasta que nuestra bandera vuelva a flamear en las Islas, y este Gobierno est\u00e1 decidido a liderar ese camino con hechos concretos.<strong>(VW)<\/strong><\/p>\n<p>&nbsp;<\/p>\n","protected":false},"excerpt":{"rendered":"<p>El anuncio se conoci\u00f3 este 2 de abril en el marco del 43\u00ba Aniversario de la recuperaci\u00f3n de las Islas Malvinas. El Presidente\u00a0 y reafirm\u00f3 el reclamo por la soberan\u00eda argentina sobre el archipi\u00e9lago.<\/p>\n","protected":false},"author":3,"featured_media":17705,"comment_status":"closed","ping_status":"closed","sticky":false,"template":"","format":"standard","meta":{"_monsterinsights_skip_tracking":false,"_monsterinsights_sitenote_active":false,"_monsterinsights_sitenote_note":"","_monsterinsights_sitenote_category":0,"footnotes":""},"categories":[3,8],"tags":[92,2015,4117],"class_list":["post-17701","post","type-post","status-publish","format-standard","has-post-thumbnail","hentry","category-actualidad","category-interes-general","tag-aniversario","tag-malvinas","tag-reconocimiento"],"_links":{"self":[{"href":"https:\/\/www.visionweb.com.ar\/index.php?rest_route=\/wp\/v2\/posts\/17701","targetHints":{"allow":["GET"]}}],"collection":[{"href":"https:\/\/www.visionweb.com.ar\/index.php?rest_route=\/wp\/v2\/posts"}],"about":[{"href":"https:\/\/www.visionweb.com.ar\/index.php?rest_route=\/wp\/v2\/types\/post"}],"author":[{"embeddable":true,"href":"https:\/\/www.visionweb.com.ar\/index.php?rest_route=\/wp\/v2\/users\/3"}],"replies":[{"embeddable":true,"href":"https:\/\/www.visionweb.com.ar\/index.php?rest_route=%2Fwp%2Fv2%2Fcomments&post=17701"}],"version-history":[{"count":4,"href":"https:\/\/www.visionweb.com.ar\/index.php?rest_route=\/wp\/v2\/posts\/17701\/revisions"}],"predecessor-version":[{"id":17709,"href":"https:\/\/www.visionweb.com.ar\/index.php?rest_route=\/wp\/v2\/posts\/17701\/revisions\/17709"}],"wp:featuredmedia":[{"embeddable":true,"href":"https:\/\/www.visionweb.com.ar\/index.php?rest_route=\/wp\/v2\/media\/17705"}],"wp:attachment":[{"href":"https:\/\/www.visionweb.com.ar\/index.php?rest_route=%2Fwp%2Fv2%2Fmedia&parent=17701"}],"wp:term":[{"taxonomy":"category","embeddable":true,"href":"https:\/\/www.visionweb.com.ar\/index.php?rest_route=%2Fwp%2Fv2%2Fcategories&post=17701"},{"taxonomy":"post_tag","embeddable":true,"href":"https:\/\/www.visionweb.com.ar\/index.php?rest_route=%2Fwp%2Fv2%2Ftags&post=17701"}],"curies":[{"name":"wp","href":"https:\/\/api.w.org\/{rel}","templated":true}]}}