{"id":17692,"date":"2025-04-02T10:05:35","date_gmt":"2025-04-02T13:05:35","guid":{"rendered":"https:\/\/www.visionweb.com.ar\/?p=17692"},"modified":"2025-05-27T15:24:25","modified_gmt":"2025-05-27T18:24:25","slug":"nuevo-operativo-territorial-lanus-tu-gobierno-en-valentin-alsina","status":"publish","type":"post","link":"https:\/\/www.visionweb.com.ar\/?p=17692","title":{"rendered":"Nuevo Operativo Territorial Lan\u00fas tu Gobierno en Valent\u00edn Alsina"},"content":{"rendered":"<p><em><strong>Ser\u00e1 el pr\u00f3ximo jueves 3 de abril en la Plaza El Fort\u00edn. Habr\u00e1 asesoramientos de manera integral en varios segmentos como salud, deportes, trabajo, legales, y defensor\u00eda, entre otros.<\/strong><\/em><!--more--><\/p>\n<div id=\"attachment_17693\" style=\"width: 263px\" class=\"wp-caption alignright\"><img loading=\"lazy\" decoding=\"async\" aria-describedby=\"caption-attachment-17693\" class=\"wp-image-17693 size-medium\" src=\"https:\/\/www.visionweb.com.ar\/wp-content\/uploads\/2025\/04\/Lanus-tu-Gobierno-operativo-253x300.jpg\" alt=\"\" width=\"253\" height=\"300\" srcset=\"https:\/\/www.visionweb.com.ar\/wp-content\/uploads\/2025\/04\/Lanus-tu-Gobierno-operativo-253x300.jpg 253w, https:\/\/www.visionweb.com.ar\/wp-content\/uploads\/2025\/04\/Lanus-tu-Gobierno-operativo.jpg 432w\" sizes=\"auto, (max-width: 253px) 100vw, 253px\" \/><p id=\"caption-attachment-17693\" class=\"wp-caption-text\">Foto Prensa de Lan\u00fas<\/p><\/div>\n<p><strong>\u00a0\u00a0\u00a0\u00a0\u00a0\u00a0\u00a0 L<\/strong>a Comuna de Lan\u00fas realizar\u00e1 un nuevo <strong>Operativo Territorial Lan\u00fas tu Gobierno<\/strong> este jueves 3 de abril, donde las diversas secretar\u00edas y sectores brindar\u00e1n asesor\u00edas y gestiones a los ciudadanos.<\/p>\n<p>La iniciativa se desarrollar\u00e1 el pr\u00f3ximo jueves en la <strong>Plaza El Fort\u00edn<\/strong>, entre las calles Carlos Pellegrini y Entre R\u00edos, Valent\u00edn Alsina, desde las 1<strong>0 hasta las 14 horas<\/strong>. La actividad se suspende por lluvia.<\/p>\n<p>A trav\u00e9s de este programa, las y los vecinos contar\u00e1n con asesor\u00edas y podr\u00e1n gestionar tr\u00e1mites municipales de manera gratuita, inform\u00f3 Prensa de Lan\u00fas.<\/p>\n<p>A continuaci\u00f3n, se detallan las \u00e1reas de gobierno que formar\u00e1n parte de la actividad:<\/p>\n<ul>\n<li>Secretar\u00eda de Seguridad:<\/li>\n<\/ul>\n<p>Asesoramiento legal.<\/p>\n<p>Descarga de bot\u00f3n antip\u00e1nico.<\/p>\n<ul>\n<li>Secretar\u00eda de Cultura y Deportes:<\/li>\n<\/ul>\n<p>Promoci\u00f3n y difusi\u00f3n sobre las actividades culturales y deportivas.<\/p>\n<p>Espect\u00e1culos y clases en vivo.<\/p>\n<ul>\n<li>Secretar\u00eda de Salud:<\/li>\n<\/ul>\n<p>Vacunaci\u00f3n y calendario COVID.<\/p>\n<p>Toma de tensi\u00f3n arterial, ox\u00edgeno en sangre y glucosa.<\/p>\n<p>Vacunaci\u00f3n antirr\u00e1bica de caninos y felinos.<\/p>\n<ul>\n<li>Secretar\u00eda de Desarrollo Social:<\/li>\n<\/ul>\n<p>Gesti\u00f3n de tr\u00e1mites.<\/p>\n<p>Orientaci\u00f3n y asesoramiento de acceso a derechos.<\/p>\n<ul>\n<li>Secretar\u00eda de Producci\u00f3n, Comercio y Empleo:<\/li>\n<\/ul>\n<p>Orientaci\u00f3n sobre el funcionamiento del portal de empleo local.<\/p>\n<ul>\n<li>Secretar\u00eda de Planificaci\u00f3n Territorial y Obra P\u00fablica:<\/li>\n<\/ul>\n<p>Promoci\u00f3n sobre el derecho a la seguridad jur\u00eddica de la tenencia y dominio de inmuebles.<\/p>\n<p>Asesoramiento sobre los programas de escrituraci\u00f3n social vigentes.<\/p>\n<ul>\n<li>Subsecretar\u00eda de Ingresos P\u00fablicos:<\/li>\n<\/ul>\n<p>Impresi\u00f3n de boletas (TSG, Automotores, Motos, RUC, entre otros).<\/p>\n<p>Regularizaci\u00f3n de deudas: planes de pagos vigentes.<\/p>\n<ul>\n<li>Subsecretar\u00eda de Gesti\u00f3n Ciudadana:<\/li>\n<\/ul>\n<p>Registro en Lan\u00fas Digital.<\/p>\n<p>Asesoramiento y gesti\u00f3n integral de tr\u00e1mites.<\/p>\n<ul>\n<li>Subsecretar\u00eda de Ambiente:<\/li>\n<\/ul>\n<p>Talleres de compost y huerta.<\/p>\n<p>Entrega de semillas.<\/p>\n<p>Ecojuegos sustentables.<\/p>\n<p>Punto M\u00f3vil Lan\u00fas Recicla.<\/p>\n<ul>\n<li>Honorable Concejo Deliberante:<\/li>\n<\/ul>\n<p>Asesoramiento sobre estado de expedientes.<\/p>\n<p>Asesoramiento para presentaci\u00f3n de proyecto de ordenanza.<\/p>\n<ul>\n<li>Defensa Civil:<\/li>\n<\/ul>\n<p>Taller de RCP (se entregan certificados).<\/p>\n<ul>\n<li>Defensor\u00eda del Pueblo:<\/li>\n<\/ul>\n<p>Protecci\u00f3n y promoci\u00f3n de derechos.<\/p>\n<p>Asesoramiento sobre servicios p\u00fablicos, salud, g\u00e9nero, previsional, violencia institucional, entre otros.<\/p>\n<p>Los Operativos Territoriales Lan\u00fas Tu Gobierno se realizan desde febrero del 2024, y son una de las primeras y m\u00e1s importantes pol\u00edticas p\u00fablicas para los vecinos y vecinas de la ciudad. En lo que va del 2025 ya se realizaron 16 operativos, con m\u00e1s de 1700 atenciones, detall\u00f3 el Municipio. <strong>(VW)<\/strong><\/p>\n","protected":false},"excerpt":{"rendered":"<p>Ser\u00e1 el pr\u00f3ximo jueves 3 de abril en la Plaza El Fort\u00edn. Habr\u00e1 asesoramientos de manera integral en varios segmentos como salud, deportes, trabajo, legales, y defensor\u00eda, entre otros.<\/p>\n","protected":false},"author":4,"featured_media":17693,"comment_status":"closed","ping_status":"closed","sticky":false,"template":"","format":"standard","meta":{"_monsterinsights_skip_tracking":false,"_monsterinsights_sitenote_active":false,"_monsterinsights_sitenote_note":"","_monsterinsights_sitenote_category":0,"footnotes":""},"categories":[4,5],"tags":[6145,1059],"class_list":["post-17692","post","type-post","status-publish","format-standard","has-post-thumbnail","hentry","category-politica","category-sociedad","tag-operativo-territorial-lanus-tu-gobierno","tag-valentin-alsina"],"_links":{"self":[{"href":"https:\/\/www.visionweb.com.ar\/index.php?rest_route=\/wp\/v2\/posts\/17692","targetHints":{"allow":["GET"]}}],"collection":[{"href":"https:\/\/www.visionweb.com.ar\/index.php?rest_route=\/wp\/v2\/posts"}],"about":[{"href":"https:\/\/www.visionweb.com.ar\/index.php?rest_route=\/wp\/v2\/types\/post"}],"author":[{"embeddable":true,"href":"https:\/\/www.visionweb.com.ar\/index.php?rest_route=\/wp\/v2\/users\/4"}],"replies":[{"embeddable":true,"href":"https:\/\/www.visionweb.com.ar\/index.php?rest_route=%2Fwp%2Fv2%2Fcomments&post=17692"}],"version-history":[{"count":1,"href":"https:\/\/www.visionweb.com.ar\/index.php?rest_route=\/wp\/v2\/posts\/17692\/revisions"}],"predecessor-version":[{"id":17694,"href":"https:\/\/www.visionweb.com.ar\/index.php?rest_route=\/wp\/v2\/posts\/17692\/revisions\/17694"}],"wp:featuredmedia":[{"embeddable":true,"href":"https:\/\/www.visionweb.com.ar\/index.php?rest_route=\/wp\/v2\/media\/17693"}],"wp:attachment":[{"href":"https:\/\/www.visionweb.com.ar\/index.php?rest_route=%2Fwp%2Fv2%2Fmedia&parent=17692"}],"wp:term":[{"taxonomy":"category","embeddable":true,"href":"https:\/\/www.visionweb.com.ar\/index.php?rest_route=%2Fwp%2Fv2%2Fcategories&post=17692"},{"taxonomy":"post_tag","embeddable":true,"href":"https:\/\/www.visionweb.com.ar\/index.php?rest_route=%2Fwp%2Fv2%2Ftags&post=17692"}],"curies":[{"name":"wp","href":"https:\/\/api.w.org\/{rel}","templated":true}]}}