{"id":17685,"date":"2025-04-01T08:22:17","date_gmt":"2025-04-01T11:22:17","guid":{"rendered":"https:\/\/www.visionweb.com.ar\/?p=17685"},"modified":"2025-04-01T08:25:44","modified_gmt":"2025-04-01T11:25:44","slug":"ex-combatientes-de-almirante-brown-viajan-a-malvinas","status":"publish","type":"post","link":"https:\/\/www.visionweb.com.ar\/?p=17685","title":{"rendered":"Ex combatientes de Almirante Brown viajan a Malvinas"},"content":{"rendered":"<p><strong><em>A 43 a\u00f1os de la guerra, ex combatientes brownianos volver\u00e1n a las Islas Malvinas. Los ex combatientes fueron seleccionados durante una actividad realizada en la Casa de la Cultura.<\/em><\/strong><br \/>\n<!--more--><\/p>\n<p style=\"font-weight: 400;\"><img loading=\"lazy\" decoding=\"async\" class=\"size-medium wp-image-17686 alignright\" src=\"https:\/\/www.visionweb.com.ar\/wp-content\/uploads\/2025\/04\/EX-COMBATIENES-300x183.png\" alt=\"\" width=\"300\" height=\"183\" srcset=\"https:\/\/www.visionweb.com.ar\/wp-content\/uploads\/2025\/04\/EX-COMBATIENES-300x183.png 300w, https:\/\/www.visionweb.com.ar\/wp-content\/uploads\/2025\/04\/EX-COMBATIENES.png 640w\" sizes=\"auto, (max-width: 300px) 100vw, 300px\" \/>Dos nuevos ex combatientes del municipio de almirante Brown viajar\u00e1n a las Islas Malvinas para rendir homenaje a los ca\u00eddos y reafirmar la Soberan\u00eda Nacional sobre nuestro territorio.<\/p>\n<p style=\"font-weight: 400;\">Se trata de Carlos Alberto Barrionuevo y Julio C\u00e9sar Carrizo, vecinos de Jos\u00e9 M\u00e1rmol y Burzaco, los cuales fueron seleccionados por sorteo en el marco del programa \u201cBrown en Malvinas\u201d, que ya permiti\u00f3 que en seis oportunidades una docena de veteranos de guerra del distrito volvieran al archipi\u00e9lago, inform\u00f3 el intendente Mariano Cascallares.<\/p>\n<p style=\"font-weight: 400;\">Los ex combatientes fueron seleccionados durante una actividad realizada en la Casa de la Cultura, donde adem\u00e1s brind\u00f3 una conferencia Guillermo Carmiona, ex secretario de Malvinas, Ant\u00e1rtida y Atl\u00e1ntico Sur, bajo el eje \u201cPatria: Soberan\u00eda y Justicia Social\u201d.<\/p>\n<p style=\"font-weight: 400;\">\u201cSeguimos llevando adelante esta iniciativa que nos llena de orgullo en la cual nuestros h\u00e9roes retornan a nuestras islas en el marco del programa Brown en Malvinas para reafirmar la Soberan\u00eda Nacional sobre nuestro territorio y rendir homenaje a los h\u00e9roes ca\u00eddos\u201d, destac\u00f3 Mariano Cascallares durante la actividad.<\/p>\n<p style=\"font-weight: 400;\">Este es el sexto viaje que organiza el Municipio de Almirante Brown para que los ex combatientes brownianos vuelvan al archipi\u00e9lago y cumplan el sue\u00f1o de pisar una vez m\u00e1s nuestro territorio, en el marco de una pol\u00edtica p\u00fablica que tiene como principal premisa \u201cmalvinizar\u201d el distrito y rendir homenaje a nuestros h\u00e9roes.<\/p>\n<p style=\"font-weight: 400;\">La \u00faltima vez que se llev\u00f3 adelante un viaje de estas caracter\u00edsticas los encargados de pisar suelo argentino hab\u00edan sido Guillermo Ta\u00f1o y Rodolfo Carrascosa.<\/p>\n<p style=\"font-weight: 400;\">El emotivo acto cont\u00f3 con la presencia tambi\u00e9n del presidente del Concejo Deliberante, Nicol\u00e1s Jawtuschenko; la secretaria de Desarrollo, Seguridad Social y Derechos Humanos, B\u00e1rbara Mi\u00f1\u00e1n; la asesora de la Secretar\u00eda de Desarrollo Seguridad Social y Derechos Humanos, Regina Stacco; el director General de Promoci\u00f3n y Protecci\u00f3n de los Derechos Humanos, Hugo Vidart y el coordinador de Ex combatientes de Malvinas, Francisco Marcovich<strong>(VW)<\/strong>.<\/p>\n<p style=\"font-weight: 400;\">\n","protected":false},"excerpt":{"rendered":"<p>A 43 a\u00f1os de la guerra, ex combatientes brownianos volver\u00e1n a las Islas Malvinas. Los ex combatientes fueron seleccionados durante una actividad realizada en la Casa de la Cultura.<\/p>\n","protected":false},"author":3,"featured_media":17686,"comment_status":"closed","ping_status":"closed","sticky":false,"template":"","format":"standard","meta":{"_monsterinsights_skip_tracking":false,"_monsterinsights_sitenote_active":false,"_monsterinsights_sitenote_note":"","_monsterinsights_sitenote_category":0,"footnotes":""},"categories":[8],"tags":[1883,7527,2015,7528],"class_list":["post-17685","post","type-post","status-publish","format-standard","has-post-thumbnail","hentry","category-interes-general","tag-a-brown","tag-ex-combatientes","tag-malvinas","tag-viaje"],"_links":{"self":[{"href":"https:\/\/www.visionweb.com.ar\/index.php?rest_route=\/wp\/v2\/posts\/17685","targetHints":{"allow":["GET"]}}],"collection":[{"href":"https:\/\/www.visionweb.com.ar\/index.php?rest_route=\/wp\/v2\/posts"}],"about":[{"href":"https:\/\/www.visionweb.com.ar\/index.php?rest_route=\/wp\/v2\/types\/post"}],"author":[{"embeddable":true,"href":"https:\/\/www.visionweb.com.ar\/index.php?rest_route=\/wp\/v2\/users\/3"}],"replies":[{"embeddable":true,"href":"https:\/\/www.visionweb.com.ar\/index.php?rest_route=%2Fwp%2Fv2%2Fcomments&post=17685"}],"version-history":[{"count":3,"href":"https:\/\/www.visionweb.com.ar\/index.php?rest_route=\/wp\/v2\/posts\/17685\/revisions"}],"predecessor-version":[{"id":17689,"href":"https:\/\/www.visionweb.com.ar\/index.php?rest_route=\/wp\/v2\/posts\/17685\/revisions\/17689"}],"wp:featuredmedia":[{"embeddable":true,"href":"https:\/\/www.visionweb.com.ar\/index.php?rest_route=\/wp\/v2\/media\/17686"}],"wp:attachment":[{"href":"https:\/\/www.visionweb.com.ar\/index.php?rest_route=%2Fwp%2Fv2%2Fmedia&parent=17685"}],"wp:term":[{"taxonomy":"category","embeddable":true,"href":"https:\/\/www.visionweb.com.ar\/index.php?rest_route=%2Fwp%2Fv2%2Fcategories&post=17685"},{"taxonomy":"post_tag","embeddable":true,"href":"https:\/\/www.visionweb.com.ar\/index.php?rest_route=%2Fwp%2Fv2%2Ftags&post=17685"}],"curies":[{"name":"wp","href":"https:\/\/api.w.org\/{rel}","templated":true}]}}