{"id":17680,"date":"2025-03-31T14:19:38","date_gmt":"2025-03-31T17:19:38","guid":{"rendered":"https:\/\/www.visionweb.com.ar\/?p=17680"},"modified":"2025-03-31T14:19:38","modified_gmt":"2025-03-31T17:19:38","slug":"tertulias-en-lo-de-quinquela","status":"publish","type":"post","link":"https:\/\/www.visionweb.com.ar\/?p=17680","title":{"rendered":"Tertulias en lo de Quinquela"},"content":{"rendered":"<p><em><strong>Una velada inolvidable en el Museo Benito Quinquela Mart\u00edn. En el primer encuentro se abordatron an\u00e9cdotas referidas a la vida del artista.<\/strong><\/em><\/p>\n<p><!--more--><\/p>\n<p><img loading=\"lazy\" decoding=\"async\" class=\"size-medium wp-image-17681 alignleft\" src=\"https:\/\/www.visionweb.com.ar\/wp-content\/uploads\/2025\/03\/OPERA-300x200.png\" alt=\"\" width=\"300\" height=\"200\" srcset=\"https:\/\/www.visionweb.com.ar\/wp-content\/uploads\/2025\/03\/OPERA-300x200.png 300w, https:\/\/www.visionweb.com.ar\/wp-content\/uploads\/2025\/03\/OPERA.png 640w\" sizes=\"auto, (max-width: 300px) 100vw, 300px\" \/>En el marco de este 135\u00b0 aniversario, el Museo organiz\u00f3 un nuevo ciclo de encuentros interdisciplinarios que tratan sobre ciertos aspectos de la vida de Benito Quinquela Mart\u00edn.<\/p>\n<p>En ese sentido, se realizan una serie de tertulias que abordan an\u00e9cdotas y experiencias del artista y la bohemia que lo acompa\u00f1\u00f3 a lo largo de toda su trayectoria.<\/p>\n<p>Estos encuentros tienen como prop\u00f3sito dar a conocer aspectos poco frecuentados de su vida novelesca, promoviendo la reuni\u00f3n de los vecinos y amigos a trav\u00e9s del arte, en sus diferentes manifestaciones.<\/p>\n<p>La primera de estas Tertulias fue una velada inolvidable donde\u00a0<em>V\u00edctor Fern\u00e1ndez<\/em>\u00a0(Director MBQM) ofreci\u00f3 una charla sobre \u201c<strong><em>Los amores de Quinquela<\/em><\/strong>\u201d, y luego, los asistentes disfrutaron la interpretaci\u00f3n \u201c<strong>Notte e Sogno en La Boca<\/strong>\u201d una selecci\u00f3n de \u00f3pera y m\u00fasica de c\u00e1mara italiana, a cargo de la soprano\u00a0<em>Marta Rossi\u00a0<\/em>y el pianista\u00a0<em>Giovanni Panella<strong>(VW)<\/strong><\/em>.<\/p>\n","protected":false},"excerpt":{"rendered":"<p>Una velada inolvidable en el Museo Benito Quinquela Mart\u00edn. En el primer encuentro se abordatron an\u00e9cdotas referidas a la vida del artista.<\/p>\n","protected":false},"author":3,"featured_media":17681,"comment_status":"closed","ping_status":"closed","sticky":false,"template":"","format":"standard","meta":{"_monsterinsights_skip_tracking":false,"_monsterinsights_sitenote_active":false,"_monsterinsights_sitenote_note":"","_monsterinsights_sitenote_category":0,"footnotes":""},"categories":[1],"tags":[6288,7524,7525],"class_list":["post-17680","post","type-post","status-publish","format-standard","has-post-thumbnail","hentry","category-uncategorized","tag-encuentros","tag-la-boca","tag-quinquela"],"_links":{"self":[{"href":"https:\/\/www.visionweb.com.ar\/index.php?rest_route=\/wp\/v2\/posts\/17680","targetHints":{"allow":["GET"]}}],"collection":[{"href":"https:\/\/www.visionweb.com.ar\/index.php?rest_route=\/wp\/v2\/posts"}],"about":[{"href":"https:\/\/www.visionweb.com.ar\/index.php?rest_route=\/wp\/v2\/types\/post"}],"author":[{"embeddable":true,"href":"https:\/\/www.visionweb.com.ar\/index.php?rest_route=\/wp\/v2\/users\/3"}],"replies":[{"embeddable":true,"href":"https:\/\/www.visionweb.com.ar\/index.php?rest_route=%2Fwp%2Fv2%2Fcomments&post=17680"}],"version-history":[{"count":1,"href":"https:\/\/www.visionweb.com.ar\/index.php?rest_route=\/wp\/v2\/posts\/17680\/revisions"}],"predecessor-version":[{"id":17682,"href":"https:\/\/www.visionweb.com.ar\/index.php?rest_route=\/wp\/v2\/posts\/17680\/revisions\/17682"}],"wp:featuredmedia":[{"embeddable":true,"href":"https:\/\/www.visionweb.com.ar\/index.php?rest_route=\/wp\/v2\/media\/17681"}],"wp:attachment":[{"href":"https:\/\/www.visionweb.com.ar\/index.php?rest_route=%2Fwp%2Fv2%2Fmedia&parent=17680"}],"wp:term":[{"taxonomy":"category","embeddable":true,"href":"https:\/\/www.visionweb.com.ar\/index.php?rest_route=%2Fwp%2Fv2%2Fcategories&post=17680"},{"taxonomy":"post_tag","embeddable":true,"href":"https:\/\/www.visionweb.com.ar\/index.php?rest_route=%2Fwp%2Fv2%2Ftags&post=17680"}],"curies":[{"name":"wp","href":"https:\/\/api.w.org\/{rel}","templated":true}]}}