{"id":17678,"date":"2025-03-31T13:39:43","date_gmt":"2025-03-31T16:39:43","guid":{"rendered":"https:\/\/www.visionweb.com.ar\/?p=17678"},"modified":"2025-03-31T13:39:43","modified_gmt":"2025-03-31T16:39:43","slug":"becas-progresar-ya-abrio-la-inscripcion-y-hay-tiempo-hasta-el-10-de-abril","status":"publish","type":"post","link":"https:\/\/www.visionweb.com.ar\/?p=17678","title":{"rendered":"Becas Progresar: Ya abri\u00f3 la inscripci\u00f3n, y hay tiempo hasta el 10 de abril"},"content":{"rendered":"<p><em><strong>Los alumnos que quieran recibir la ayuda social podr\u00e1n postularse a trav\u00e9s del sitio oficial.<\/strong><\/em><!--more--><\/p>\n<p><strong><img loading=\"lazy\" decoding=\"async\" class=\"size-medium wp-image-9450 alignright\" src=\"https:\/\/www.visionweb.com.ar\/wp-content\/uploads\/2023\/02\/becas-unlz-300x83.jpg\" alt=\"\" width=\"300\" height=\"83\" srcset=\"https:\/\/www.visionweb.com.ar\/wp-content\/uploads\/2023\/02\/becas-unlz-300x83.jpg 300w, https:\/\/www.visionweb.com.ar\/wp-content\/uploads\/2023\/02\/becas-unlz.bmp 497w\" sizes=\"auto, (max-width: 300px) 100vw, 300px\" \/>\u00a0\u00a0\u00a0\u00a0\u00a0 E<\/strong>l Ministerio de Capital Humano anunci\u00f3 que\u00a0<strong>est\u00e1 abierta la inscripci\u00f3n hasta el 10 de abril para las becas Progresar<\/strong> <strong>2025<\/strong>, el programa que beneficia a lo<strong>s estudiantes del nivel secundario, terciario y universitario de todo el pa\u00eds.<\/strong><\/p>\n<p><strong>\u201cHasta el 10 de abril se encuentra abierta la Primera Convocatoria 2025 para la l\u00ednea Progresar Obligatorio\u201d<\/strong>, inform\u00f3 la cartera que dirige Sandra Pettovello.<\/p>\n<p>\u201cConvocar a la inscripci\u00f3n correspondiente al a\u00f1o 2025 del \u2018PROGRAMA DE RESPALDO A ESTUDIANTES ARGENTINOS\u2019 (PROGRESAR) para todas sus l\u00edneas en conformidad\u201d, establece el segundo art\u00edculo del documento.<\/p>\n<p>La beca otorga\u00a0<strong>12 cuotas mensuales de $35.000 para finalizar la educaci\u00f3n obligatoria<\/strong>, sujetas al cumplimiento de las condicionalidades pautadas para la l\u00ednea.<\/p>\n<p><strong>Requisitos<\/strong><\/p>\n<ul>\n<li>Ser argentino nativo o naturalizado, o extranjero con residencia legal de 2 a\u00f1os en el pa\u00eds y contar DNI.<\/li>\n<li>Tener entre 16 y 24 a\u00f1os de edad cumplidos al momento del cierre de la convocatoria.<\/li>\n<li>La suma de los ingresos del estudiante y su grupo familiar no debe ser superior a 3 Salarios M\u00ednimos, Vitales y M\u00f3viles (SMVM), excepto que los j\u00f3venes solicitantes sean titulares de una pensi\u00f3n no contributiva por invalidez otorgada en el marco del art\u00edculo 9 de la Ley 13478.<\/li>\n<li>Cumplir con la condici\u00f3n de alumno regular.<\/li>\n<li>Participar en actividades complementarias determinadas por el programa.<\/li>\n<li>Cumplir con las condiciones acad\u00e9micas establecidas en el Reglamento Progresar.<\/li>\n<li>Contar con el esquema de vacunaci\u00f3n completo o en curso seg\u00fan grupo de edad.<\/li>\n<\/ul>\n<p>El\u00a0<strong>Programa de Respaldo a Estudiantes de Argentina (Progresar)<\/strong>\u00a0naci\u00f3 con el prop\u00f3sito de mitigar las desigualdades sociales y econ\u00f3micas que dificultan el ejercicio del derecho a la educaci\u00f3n.<\/p>\n<p>Una de las l\u00edneas es el\u00a0<strong>Progresar Obligatorio, que promueve la finalizaci\u00f3n de la educaci\u00f3n obligatoria, e incluye una subl\u00ednea pensada para j\u00f3venes de 16 y 17 a\u00f1os<\/strong>. <strong>(VW)<\/strong><\/p>\n","protected":false},"excerpt":{"rendered":"<p>Los alumnos que quieran recibir la ayuda social podr\u00e1n postularse a trav\u00e9s del sitio oficial.<\/p>\n","protected":false},"author":4,"featured_media":9450,"comment_status":"closed","ping_status":"closed","sticky":false,"template":"","format":"standard","meta":{"_monsterinsights_skip_tracking":false,"_monsterinsights_sitenote_active":false,"_monsterinsights_sitenote_note":"","_monsterinsights_sitenote_category":0,"footnotes":""},"categories":[7],"tags":[2856,1022],"class_list":["post-17678","post","type-post","status-publish","format-standard","has-post-thumbnail","hentry","category-educacion-y-cultura","tag-becas-progresar","tag-inscripciones"],"_links":{"self":[{"href":"https:\/\/www.visionweb.com.ar\/index.php?rest_route=\/wp\/v2\/posts\/17678","targetHints":{"allow":["GET"]}}],"collection":[{"href":"https:\/\/www.visionweb.com.ar\/index.php?rest_route=\/wp\/v2\/posts"}],"about":[{"href":"https:\/\/www.visionweb.com.ar\/index.php?rest_route=\/wp\/v2\/types\/post"}],"author":[{"embeddable":true,"href":"https:\/\/www.visionweb.com.ar\/index.php?rest_route=\/wp\/v2\/users\/4"}],"replies":[{"embeddable":true,"href":"https:\/\/www.visionweb.com.ar\/index.php?rest_route=%2Fwp%2Fv2%2Fcomments&post=17678"}],"version-history":[{"count":1,"href":"https:\/\/www.visionweb.com.ar\/index.php?rest_route=\/wp\/v2\/posts\/17678\/revisions"}],"predecessor-version":[{"id":17679,"href":"https:\/\/www.visionweb.com.ar\/index.php?rest_route=\/wp\/v2\/posts\/17678\/revisions\/17679"}],"wp:featuredmedia":[{"embeddable":true,"href":"https:\/\/www.visionweb.com.ar\/index.php?rest_route=\/wp\/v2\/media\/9450"}],"wp:attachment":[{"href":"https:\/\/www.visionweb.com.ar\/index.php?rest_route=%2Fwp%2Fv2%2Fmedia&parent=17678"}],"wp:term":[{"taxonomy":"category","embeddable":true,"href":"https:\/\/www.visionweb.com.ar\/index.php?rest_route=%2Fwp%2Fv2%2Fcategories&post=17678"},{"taxonomy":"post_tag","embeddable":true,"href":"https:\/\/www.visionweb.com.ar\/index.php?rest_route=%2Fwp%2Fv2%2Ftags&post=17678"}],"curies":[{"name":"wp","href":"https:\/\/api.w.org\/{rel}","templated":true}]}}