{"id":17675,"date":"2025-03-31T13:03:41","date_gmt":"2025-03-31T16:03:41","guid":{"rendered":"https:\/\/www.visionweb.com.ar\/?p=17675"},"modified":"2025-03-31T13:03:41","modified_gmt":"2025-03-31T16:03:41","slug":"se-oficializo-la-reduccion-impuestos-para-la-importacion-de-ropa-calzado-y-telas","status":"publish","type":"post","link":"https:\/\/www.visionweb.com.ar\/?p=17675","title":{"rendered":"Se oficializ\u00f3 la reducci\u00f3n impuestos para la importaci\u00f3n de ropa, calzado y telas"},"content":{"rendered":"<p><strong><em>Hoy se public\u00f3 en el Bolet\u00edn Oficial el Decreto que enmarca la baja de impuestos a las importaciones. El gobierno busca estabilizar los precios internos, y contener la inflaci\u00f3n. La UIA preocupada por la presi\u00f3n fiscal.<\/em><\/strong><!--more--><\/p>\n<p><img loading=\"lazy\" decoding=\"async\" class=\"size-medium wp-image-7617 alignright\" src=\"https:\/\/www.visionweb.com.ar\/wp-content\/uploads\/2022\/10\/EL-RUBRO-TEXTIL...-300x168.png\" alt=\"\" width=\"300\" height=\"168\" srcset=\"https:\/\/www.visionweb.com.ar\/wp-content\/uploads\/2022\/10\/EL-RUBRO-TEXTIL...-300x168.png 300w, https:\/\/www.visionweb.com.ar\/wp-content\/uploads\/2022\/10\/EL-RUBRO-TEXTIL...-768x429.png 768w, https:\/\/www.visionweb.com.ar\/wp-content\/uploads\/2022\/10\/EL-RUBRO-TEXTIL....png 800w\" sizes=\"auto, (max-width: 300px) 100vw, 300px\" \/>\u00a0\u00a0 <strong>E<\/strong>l Gobierno Nacional\u00a0<strong>redujo los aranceles de importaci\u00f3n de <\/strong>ropa, el calzado, los hilados y las telas, con la finalidad de fomentar la competencia en el sector textil, y contener la inflaci\u00f3n.<\/p>\n<p>Mediante el <strong>Decreto 236\/2025<\/strong>, publicado este lunes en el Bolet\u00edn Oficial, se redujeron de manera significativa los aranceles de importaci\u00f3n establecidos por el Mercado Com\u00fan del Sur (Mercosur), hace 18 a\u00f1os.<\/p>\n<p>De esta manera,\u00a0<strong>el arancel para la indumentaria y el calzado se reducir\u00e1 del 35% al 20%<\/strong>; el de las<strong>\u00a0telas pasar\u00e1 del 26% al 18%<\/strong>; y los aranceles sobre los distintos\u00a0<strong>tipos de hilados se ajustar\u00e1n de un 18% a un 12%,<\/strong>\u00a0<strong>14% y 16%<\/strong>.<\/p>\n<p>Cabe mencionar que as\u00ed\u00a0<strong>los nuevos aranceles son similares a los que exist\u00edan antes de 2007<\/strong>. Esta medida permitir\u00eda una eventual baja de los precios locales.<\/p>\n<p>A modo de ejemplo y seg\u00fan cifras oficiales, un relevamiento sobre productos de marcas internacionales muestra que\u00a0<strong>una remera cuesta en el pa\u00eds un 310% m\u00e1s que en Espa\u00f1a<\/strong>\u00a0(41 d\u00f3lares frente a 10 d\u00f3lares en el pa\u00eds europeo)\u00a0<strong>y 95% m\u00e1s que en Brasil,<\/strong>\u00a0mientras que una campera es 174% m\u00e1s cara que en Espa\u00f1a y 90% m\u00e1s que en Brasil.<\/p>\n<p>La medida se enmarca en la\u00a0<strong>estrategia del oficialismo de reducir impuestos y barreras comerciales para alentar la competencia y presionar a la baja sobre los precios locales.<\/strong><\/p>\n<p>Desde el Gobierno sostienen que esta pol\u00edtica permitir\u00e1 mejorar el poder adquisitivo de los consumidores y aliviar el impacto de la inflaci\u00f3n.<\/p>\n<p>Como contrapartida, la\u00a0<strong>Uni\u00f3n Industrial Argentina (UIA)<\/strong>\u00a0expres\u00f3 que \u201ces\u00a0<strong>preocupante<\/strong>\u00a0que la agenda de integraci\u00f3n comercial no est\u00e9 acompa\u00f1ada de una <strong>agenda de competitividad del pa\u00eds<\/strong>\u201d. La entidad empresaria, que a principios de febrero recibi\u00f3 en su sede al ministro de Econom\u00eda, volvi\u00f3 a enfatizar sobre la idea de \u201cnivelar la cancha\u201d frente a las <strong>desigualdades<\/strong> generadas por el costo argentino, entre ellas la <strong>presi\u00f3n fiscal<\/strong>. <strong>(VW)<\/strong><\/p>\n","protected":false},"excerpt":{"rendered":"<p>Hoy se public\u00f3 en el Bolet\u00edn Oficial el Decreto que enmarca la baja de impuestos a las importaciones. El gobierno busca estabilizar los precios internos, y contener la inflaci\u00f3n. La UIA preocupada por la&#46;&#46;&#46;<\/p>\n","protected":false},"author":4,"featured_media":7617,"comment_status":"closed","ping_status":"closed","sticky":false,"template":"","format":"standard","meta":{"_monsterinsights_skip_tracking":false,"_monsterinsights_sitenote_active":false,"_monsterinsights_sitenote_note":"","_monsterinsights_sitenote_category":0,"footnotes":""},"categories":[6,749],"tags":[7521,5501,7520,7523,4831,7522],"class_list":["post-17675","post","type-post","status-publish","format-standard","has-post-thumbnail","hentry","category-economia","category-pymes","tag-baja-de-impuestos-a-importaciones","tag-calzado","tag-decreto-236-2025","tag-preocupacion-de-la-uia","tag-ropa","tag-telas"],"_links":{"self":[{"href":"https:\/\/www.visionweb.com.ar\/index.php?rest_route=\/wp\/v2\/posts\/17675","targetHints":{"allow":["GET"]}}],"collection":[{"href":"https:\/\/www.visionweb.com.ar\/index.php?rest_route=\/wp\/v2\/posts"}],"about":[{"href":"https:\/\/www.visionweb.com.ar\/index.php?rest_route=\/wp\/v2\/types\/post"}],"author":[{"embeddable":true,"href":"https:\/\/www.visionweb.com.ar\/index.php?rest_route=\/wp\/v2\/users\/4"}],"replies":[{"embeddable":true,"href":"https:\/\/www.visionweb.com.ar\/index.php?rest_route=%2Fwp%2Fv2%2Fcomments&post=17675"}],"version-history":[{"count":1,"href":"https:\/\/www.visionweb.com.ar\/index.php?rest_route=\/wp\/v2\/posts\/17675\/revisions"}],"predecessor-version":[{"id":17677,"href":"https:\/\/www.visionweb.com.ar\/index.php?rest_route=\/wp\/v2\/posts\/17675\/revisions\/17677"}],"wp:featuredmedia":[{"embeddable":true,"href":"https:\/\/www.visionweb.com.ar\/index.php?rest_route=\/wp\/v2\/media\/7617"}],"wp:attachment":[{"href":"https:\/\/www.visionweb.com.ar\/index.php?rest_route=%2Fwp%2Fv2%2Fmedia&parent=17675"}],"wp:term":[{"taxonomy":"category","embeddable":true,"href":"https:\/\/www.visionweb.com.ar\/index.php?rest_route=%2Fwp%2Fv2%2Fcategories&post=17675"},{"taxonomy":"post_tag","embeddable":true,"href":"https:\/\/www.visionweb.com.ar\/index.php?rest_route=%2Fwp%2Fv2%2Ftags&post=17675"}],"curies":[{"name":"wp","href":"https:\/\/api.w.org\/{rel}","templated":true}]}}