{"id":17667,"date":"2025-03-29T09:15:33","date_gmt":"2025-03-29T12:15:33","guid":{"rendered":"https:\/\/www.visionweb.com.ar\/?p=17667"},"modified":"2025-03-28T19:29:04","modified_gmt":"2025-03-28T22:29:04","slug":"desarrollo-agrario-lanza-el-programa-huerta-urbana-bonaerense-2025","status":"publish","type":"post","link":"https:\/\/www.visionweb.com.ar\/?p=17667","title":{"rendered":"Desarrollo Agrario lanza el programa Huerta Urbana Bonaerense 2025"},"content":{"rendered":"<p><strong><em>La inscripci\u00f3n para acceder a la nueva edici\u00f3n del programa de producci\u00f3n familiar de alimentos se encuentra abierta hasta el 15 de abril.<\/em><\/strong><!--more--><\/p>\n<p><img loading=\"lazy\" decoding=\"async\" class=\"size-medium wp-image-17668 alignright\" src=\"https:\/\/www.visionweb.com.ar\/wp-content\/uploads\/2025\/03\/HUERTAS-URBANAS-300x200.png\" alt=\"\" width=\"300\" height=\"200\" srcset=\"https:\/\/www.visionweb.com.ar\/wp-content\/uploads\/2025\/03\/HUERTAS-URBANAS-300x200.png 300w, https:\/\/www.visionweb.com.ar\/wp-content\/uploads\/2025\/03\/HUERTAS-URBANAS-1024x682.png 1024w, https:\/\/www.visionweb.com.ar\/wp-content\/uploads\/2025\/03\/HUERTAS-URBANAS-768x512.png 768w, https:\/\/www.visionweb.com.ar\/wp-content\/uploads\/2025\/03\/HUERTAS-URBANAS-1536x1023.png 1536w, https:\/\/www.visionweb.com.ar\/wp-content\/uploads\/2025\/03\/HUERTAS-URBANAS.png 1600w\" sizes=\"auto, (max-width: 300px) 100vw, 300px\" \/>Ya se encuentra abierta la inscripci\u00f3n para una nueva edici\u00f3n del Programa Huerta Urbana Bonaerense, una iniciativa que tiene como objetivo fomentar la producci\u00f3n local de alimentos, promoviendo la creaci\u00f3n de huertas familiares y comunitarias basadas en pr\u00e1cticas agroecol\u00f3gicas.<\/p>\n<p>El Programa que es impulsado por el Ministerio de Desarrollo Agrario (MDA) y\u00a0busca incrementar la disponibilidad y accesibilidad de alimentos frescos, mejorar la seguridad alimentaria y fomentar el autoconsumo, adem\u00e1s de potenciar el trabajo conjunto entre familias, organizaciones e instituciones.<\/p>\n<p>El ministro de Desarrollo Agrario, Javier Rodr\u00edguez, destac\u00f3 que \u201cel programa apunta a fortalecer la producci\u00f3n de alimentos en los hogares y en espacios comunitarios, adem\u00e1s de impulsar la generaci\u00f3n de empleo local a trav\u00e9s de la producci\u00f3n agroecol\u00f3gica\u201d.<\/p>\n<p>En relaci\u00f3n a la pol\u00edtica nacional, el ministro enfatiz\u00f3: \u00abEl gobierno de Javier Milei destruy\u00f3 al Programa ProHuerta, que durante d\u00e9cadas llev\u00f3 adelante el INTA con eficiencia y alcance federal. Frente a esta situaci\u00f3n, la Provincia de Buenos Aires considera fundamental redoblar los esfuerzos para fortalecer la producci\u00f3n local de alimentos y garantizar el acceso a alimentos frescos y saludables en los hogares bonaerenses\u00bb.<\/p>\n<div class=\"m_-2945304124461734892u-row-container\">\n<div class=\"m_-2945304124461734892u-row\">\n<div>\n<div class=\"m_-2945304124461734892u-col m_-2945304124461734892u-col-49p6\">\n<div><\/div>\n<\/div>\n<\/div>\n<\/div>\n<\/div>\n<p>Desde la finalizaci\u00f3n del programa nacional ProHuerta, la provincia de Buenos Aires ha intensificado sus esfuerzos para continuar con la promoci\u00f3n y el fortalecimiento de las huertas urbanas, reconociendo su importancia en la soberan\u00eda alimentaria y la salud nutricional de la poblaci\u00f3n.<\/p>\n<p><img loading=\"lazy\" decoding=\"async\" class=\"size-medium wp-image-17669 alignleft\" src=\"https:\/\/www.visionweb.com.ar\/wp-content\/uploads\/2025\/03\/HURTA-DOS-240x300.jpg\" alt=\"\" width=\"240\" height=\"300\" srcset=\"https:\/\/www.visionweb.com.ar\/wp-content\/uploads\/2025\/03\/HURTA-DOS-240x300.jpg 240w, https:\/\/www.visionweb.com.ar\/wp-content\/uploads\/2025\/03\/HURTA-DOS.jpg 480w\" sizes=\"auto, (max-width: 240px) 100vw, 240px\" \/>Las huertas urbanas no solo contribuyen a la alimentaci\u00f3n saludable mediante la provisi\u00f3n de frutas y hortalizas libres de agroqu\u00edmicos, sino que tambi\u00e9n fomentan el respeto por el medio ambiente, permiten conocer los ciclos de la naturaleza y promueven la diversidad alimentaria en los hogares bonaerenses.<\/p>\n<p><strong>Dos l\u00edneas de trabajo<\/strong><\/p>\n<p>El programa cuenta con dos ejes principales de implementaci\u00f3n: \u00a0el primero es a trav\u00e9s de plantineras municipales: se brinda acompa\u00f1amiento y entrega de insumos para iniciar o fortalecer las plantineras locales de los municipios adheridos al programa.<\/p>\n<p>En tanto, el segundo ser\u00e1 a trav\u00e9s de huertas comunitarias: se otorgan capacitaciones, plantines y asistencia t\u00e9cnica a instituciones, clubes, asociaciones y organizaciones con huertas urbanas comunitarias de al menos 40 m2, favoreciendo el acceso a alimentos de calidad y promoviendo el aprendizaje colectivo.<\/p>\n<p><strong>Inscripci\u00f3n y consultas<\/strong><\/p>\n<p>Las instituciones, clubes, asociaciones y organizaciones que deseen sumarse al programa pueden inscribirse hasta el 15 de abril a trav\u00e9s de la plataforma MI MDA:<\/p>\n<p>https:\/\/mi.mda.gba.gob.ar\/huertas\/urbanas\/formulario<\/p>\n<p>Consultas:\u00a0<a href=\"mailto:huerta.urbana.bonaerense@mda.gba.gob.ar\" target=\"_blank\" rel=\"noopener\">huerta.urbana.bonaerense@mda.<wbr \/>gba.gob.ar<\/a><\/p>\n<p><strong>(VW)<\/strong><\/p>\n","protected":false},"excerpt":{"rendered":"<p>La inscripci\u00f3n para acceder a la nueva edici\u00f3n del programa de producci\u00f3n familiar de alimentos se encuentra abierta hasta el 15 de abril.<\/p>\n","protected":false},"author":3,"featured_media":17668,"comment_status":"closed","ping_status":"closed","sticky":false,"template":"","format":"standard","meta":{"_monsterinsights_skip_tracking":false,"_monsterinsights_sitenote_active":false,"_monsterinsights_sitenote_note":"","_monsterinsights_sitenote_category":0,"footnotes":""},"categories":[5],"tags":[4442,3008,271,4903],"class_list":["post-17667","post","type-post","status-publish","format-standard","has-post-thumbnail","hentry","category-sociedad","tag-huertas","tag-mda","tag-programa","tag-urbanas"],"_links":{"self":[{"href":"https:\/\/www.visionweb.com.ar\/index.php?rest_route=\/wp\/v2\/posts\/17667","targetHints":{"allow":["GET"]}}],"collection":[{"href":"https:\/\/www.visionweb.com.ar\/index.php?rest_route=\/wp\/v2\/posts"}],"about":[{"href":"https:\/\/www.visionweb.com.ar\/index.php?rest_route=\/wp\/v2\/types\/post"}],"author":[{"embeddable":true,"href":"https:\/\/www.visionweb.com.ar\/index.php?rest_route=\/wp\/v2\/users\/3"}],"replies":[{"embeddable":true,"href":"https:\/\/www.visionweb.com.ar\/index.php?rest_route=%2Fwp%2Fv2%2Fcomments&post=17667"}],"version-history":[{"count":1,"href":"https:\/\/www.visionweb.com.ar\/index.php?rest_route=\/wp\/v2\/posts\/17667\/revisions"}],"predecessor-version":[{"id":17670,"href":"https:\/\/www.visionweb.com.ar\/index.php?rest_route=\/wp\/v2\/posts\/17667\/revisions\/17670"}],"wp:featuredmedia":[{"embeddable":true,"href":"https:\/\/www.visionweb.com.ar\/index.php?rest_route=\/wp\/v2\/media\/17668"}],"wp:attachment":[{"href":"https:\/\/www.visionweb.com.ar\/index.php?rest_route=%2Fwp%2Fv2%2Fmedia&parent=17667"}],"wp:term":[{"taxonomy":"category","embeddable":true,"href":"https:\/\/www.visionweb.com.ar\/index.php?rest_route=%2Fwp%2Fv2%2Fcategories&post=17667"},{"taxonomy":"post_tag","embeddable":true,"href":"https:\/\/www.visionweb.com.ar\/index.php?rest_route=%2Fwp%2Fv2%2Ftags&post=17667"}],"curies":[{"name":"wp","href":"https:\/\/api.w.org\/{rel}","templated":true}]}}