{"id":17665,"date":"2025-03-28T13:23:26","date_gmt":"2025-03-28T16:23:26","guid":{"rendered":"https:\/\/www.visionweb.com.ar\/?p=17665"},"modified":"2025-03-28T13:23:26","modified_gmt":"2025-03-28T16:23:26","slug":"vuelven-a-aumentar-los-pasajes-de-colectivos-en-la-provincia-de-buenos-aires","status":"publish","type":"post","link":"https:\/\/www.visionweb.com.ar\/?p=17665","title":{"rendered":"Vuelven a aumentar los pasajes de colectivos en la provincia de Buenos Aires"},"content":{"rendered":"<p><em><strong>Ser\u00e1 desde abril. El Gobierno incrementa las tarifas en un 4,2%. El incremento de las tarifas que lleva el m\u00ednimo a $425.57, busca garantizar la \u201ccontinuidad y regularidad de los servicios provinciales\u201d.<\/strong><\/em><!--more--><\/p>\n<p><strong> <img loading=\"lazy\" decoding=\"async\" class=\"size-full wp-image-6818 alignright\" src=\"https:\/\/www.visionweb.com.ar\/wp-content\/uploads\/2022\/08\/colectivos-paro-echeverria.bmp\" alt=\"\" width=\"501\" height=\"288\" \/>\u00a0 L<\/strong>os usuarios del transporte p\u00fablico en el conurbano bonaerense, incluida La Plata, enfrentar\u00e1n un aumento en las tarifas de los colectivos desde el martes 1 de abril, con un<strong> ajuste de 4,2%<\/strong>.<\/p>\n<p>Este aumento, se basa en el mecanismo de actualizaci\u00f3n de tarifas que\u00a0<strong>sigue la inflaci\u00f3n, m\u00e1s un adicional de 2 puntos porcentuales<\/strong>.<\/p>\n<p>En ese sentido, la suba recaer\u00e1 sobre los pasajeros de car\u00e1cter urbano e interurbano de media distancia (aleda\u00f1os a la Ciudad Aut\u00f3noma de Buenos Aires), que se desarrollan en el \u00c1rea Metropolitana de Buenos Aires (AMBA).<\/p>\n<p>Seg\u00fan el Gobierno, el ajuste tiene como objeto garantizar la continuidad y regularidad de los servicios, mejorar la calidad y las condiciones en la prestaci\u00f3n de los mismos.<\/p>\n<p><strong>A partir del 1\u00b0 de abril, estos ser\u00e1n<\/strong> <strong>los nuevos precios de los boletos<\/strong>, que variar\u00e1n seg\u00fan la distancia del viaje, para las l\u00edneas numeradas del 200 en adelante:<\/p>\n<ul>\n<li>Boleto m\u00ednimo (de 0 a 3 kil\u00f3metros) con tarjeta SUBE registrada: de\u00a0<strong>$ 408,24 a $ 425,57.<\/strong><\/li>\n<li>De 3 a 6 km:\u00a0<strong>$ 474,09<\/strong><\/li>\n<li>De 6 a 12 km:\u00a0<strong>$ 510,61<\/strong><\/li>\n<li>De 12 a 27 km:\u00a0<strong>$ 547,17<\/strong><\/li>\n<li>Tarjeta SUBE sin nominalizar: de\u00a0<strong>$ 676,66 hasta $ 927,72<\/strong><\/li>\n<\/ul>\n<p>Adem\u00e1s, la tarifa social, que beneficia a jubilados, pensionados y otros grupos que perciben ayuda de Anses,\u00a0<strong>mantendr\u00e1 su descuento del 55%, con el uso de la tarjeta SUBE.<\/strong>\u00a0De este modo,\u00a0<strong>el boleto m\u00ednimo para estos beneficiarios ser\u00e1 de $ 191,51<\/strong>. <strong>(VW)<\/strong><\/p>\n","protected":false},"excerpt":{"rendered":"<p>Ser\u00e1 desde abril. El Gobierno incrementa las tarifas en un 4,2%. El incremento de las tarifas que lleva el m\u00ednimo a $425.57, busca garantizar la \u201ccontinuidad y regularidad de los servicios provinciales\u201d.<\/p>\n","protected":false},"author":4,"featured_media":6818,"comment_status":"closed","ping_status":"closed","sticky":false,"template":"","format":"standard","meta":{"_monsterinsights_skip_tracking":false,"_monsterinsights_sitenote_active":false,"_monsterinsights_sitenote_note":"","_monsterinsights_sitenote_category":0,"footnotes":""},"categories":[6,4],"tags":[2425,1819,356],"class_list":["post-17665","post","type-post","status-publish","format-standard","has-post-thumbnail","hentry","category-economia","category-politica","tag-aumento-de-colectivos","tag-boletos","tag-provincia"],"_links":{"self":[{"href":"https:\/\/www.visionweb.com.ar\/index.php?rest_route=\/wp\/v2\/posts\/17665","targetHints":{"allow":["GET"]}}],"collection":[{"href":"https:\/\/www.visionweb.com.ar\/index.php?rest_route=\/wp\/v2\/posts"}],"about":[{"href":"https:\/\/www.visionweb.com.ar\/index.php?rest_route=\/wp\/v2\/types\/post"}],"author":[{"embeddable":true,"href":"https:\/\/www.visionweb.com.ar\/index.php?rest_route=\/wp\/v2\/users\/4"}],"replies":[{"embeddable":true,"href":"https:\/\/www.visionweb.com.ar\/index.php?rest_route=%2Fwp%2Fv2%2Fcomments&post=17665"}],"version-history":[{"count":1,"href":"https:\/\/www.visionweb.com.ar\/index.php?rest_route=\/wp\/v2\/posts\/17665\/revisions"}],"predecessor-version":[{"id":17666,"href":"https:\/\/www.visionweb.com.ar\/index.php?rest_route=\/wp\/v2\/posts\/17665\/revisions\/17666"}],"wp:featuredmedia":[{"embeddable":true,"href":"https:\/\/www.visionweb.com.ar\/index.php?rest_route=\/wp\/v2\/media\/6818"}],"wp:attachment":[{"href":"https:\/\/www.visionweb.com.ar\/index.php?rest_route=%2Fwp%2Fv2%2Fmedia&parent=17665"}],"wp:term":[{"taxonomy":"category","embeddable":true,"href":"https:\/\/www.visionweb.com.ar\/index.php?rest_route=%2Fwp%2Fv2%2Fcategories&post=17665"},{"taxonomy":"post_tag","embeddable":true,"href":"https:\/\/www.visionweb.com.ar\/index.php?rest_route=%2Fwp%2Fv2%2Ftags&post=17665"}],"curies":[{"name":"wp","href":"https:\/\/api.w.org\/{rel}","templated":true}]}}